{"id":2181,"date":"2016-07-24T23:01:26","date_gmt":"2016-07-25T02:01:26","guid":{"rendered":"https:\/\/blogs.correiobraziliense.com.br\/vicente\/?p=2181"},"modified":"2016-07-24T23:44:02","modified_gmt":"2016-07-25T02:44:02","slug":"governo-nega-mas-deficit-do-setor-publico-pode-sim-passar-de-r-180-bilhoes","status":"publish","type":"post","link":"https:\/\/blogs.correiobraziliense.com.br\/vicente\/governo-nega-mas-deficit-do-setor-publico-pode-sim-passar-de-r-180-bilhoes\/","title":{"rendered":"Governo nega, mas deficit do setor p\u00fablico pode, sim, passar de R$ 180 bilh\u00f5es"},"content":{"rendered":"<p>POR ROSANA HESSEL<\/p>\n<p>&nbsp;<\/p>\n<p>O ministro interino do Planejamento, Dyogo Oliveira, nega, mas o governo n\u00e3o vai mais entregar a meta de deficit prim\u00e1rio do setor p\u00fablico consolidado de R$ 163,9 bilh\u00f5es prevista para este ano, como foi anunciado em maio \u00faltimo, logo ap\u00f3s Michel Temer chegar ao Pal\u00e1cio do Planalto. A equipe econ\u00f4mica se deu conta de que n\u00e3o ter\u00e1 como cobrir o rombo projetado para estados e munic\u00edpios, que pode ficar entre R$ 13 bilh\u00f5es e R$ 15 bilh\u00f5es.<\/p>\n<p>&nbsp;<\/p>\n<p>Segundo a Lei de Diretrizes Or\u00e7ament\u00e1rias (LDO) aprovada pelo Congresso, o buraco nas contas do governo central (Tesouro Nacional, Banco Central e Previd\u00eancia Social) \u00e9 de R$ 170,5 bilh\u00f5es. Desse valor, est\u00e1 previsto o abatimento de R$ 6,6 bilh\u00f5es de superavit nas finan\u00e7as de estados e munic\u00edpios. O problema \u00e9 que essa estimativa favor\u00e1vel aos governos regionais se mostrou furada diante da suspens\u00e3o do pagamento das d\u00edvidas dos estados.<\/p>\n<p>&nbsp;<\/p>\n<p>Assim, em vez de superavit, estados e munic\u00edpios ter\u00e3o deficit, que, somado ao rombo de R$ 170,5 bilh\u00f5es do governo federal, dar\u00e1 um buraco maior do que R$ 180 bilh\u00f5es. Ningu\u00e9m se arrisca a um n\u00famero exato, mas o relat\u00f3rio de revis\u00e3o bimestral de receitas e despesas, liberado na \u00faltima sexta-feira, aponta para saldo negativo de at\u00e9 R$ 187 bilh\u00f5es. Ou seja, a situa\u00e7\u00e3o fiscal \u00e9 muito pior do que o governo vem falando.<\/p>\n<p>&nbsp;<\/p>\n<p>A equipe econ\u00f4mica diz que a lei n\u00e3o obriga o governo federal a cobrir o rombo de estados e munic\u00edpios. Pode ser. Mas o ministro da Fazenda, Henrique Meirelles, ter\u00e1 que explicar direitinho toda essa confus\u00e3o de n\u00fameros. N\u00e3o bastar\u00e1 dizer apenas que, da sua parte, a Uni\u00e3o est\u00e1 fazendo tudo direitinho e vai entregar, no m\u00e1ximo, os R$ 170,5 bilh\u00f5es de rombo. H\u00e1 uma desconfian\u00e7a crescente de que algo de muito errado est\u00e1 acontecendo.<\/p>\n<p>&nbsp;<\/p>\n<p>Esperava-se que, diante de n\u00fameros t\u00e3o ruins, o Planalto decretasse, na sexta-feira passada, um contingenciamento de R$ 20 bilh\u00f5es para indicar que o cumprimento da meta era l\u00edquido e certo. Mas se descobriue que o governo preferiu quase zerar uma reserva de R$ 18,1 bilh\u00f5es para acomodar frustra\u00e7\u00e3o de receitas e aumento de gastos, totalizando R$ 16,5 bilh\u00f5es. Esse colch\u00e3o caiu para R$ 1,6 bilh\u00e3o. \u00c9 praticamente nada diante do buraco sem fundo em que se transformaram as contas p\u00fablicas.<\/p>\n<p>&nbsp;<\/p>\n<p>Bras\u00edlia, 23h01min<\/p>\n","protected":false},"excerpt":{"rendered":"<p>POR ROSANA HESSEL &nbsp; O ministro interino do Planejamento, Dyogo Oliveira, nega, mas o governo n\u00e3o vai mais entregar a meta de deficit prim\u00e1rio do setor p\u00fablico consolidado de R$ 163,9 bilh\u00f5es prevista para este ano, como foi anunciado em maio \u00faltimo, logo ap\u00f3s Michel Temer chegar ao Pal\u00e1cio do Planalto. A equipe econ\u00f4mica se [&hellip;]<\/p>\n","protected":false},"author":22,"featured_media":0,"comment_status":"open","ping_status":"closed","sticky":false,"template":"","format":"standard","meta":{"footnotes":""},"categories":[600],"tags":[765,542,84,320,21,581,764,763,751,541,762],"class_list":["post-2181","post","type-post","status-publish","format-standard","hentry","category-economia","tag-9-bilhoes","tag-contas-publicas","tag-dyogo-oliveira","tag-estados","tag-henrique-meirelles","tag-municipios","tag-r-163","tag-r-180-bilhoes","tag-r-187-bilhoes","tag-rombo","tag-uniao"],"_links":{"self":[{"href":"https:\/\/blogs.correiobraziliense.com.br\/vicente\/wp-json\/wp\/v2\/posts\/2181","targetHints":{"allow":["GET"]}}],"collection":[{"href":"https:\/\/blogs.correiobraziliense.com.br\/vicente\/wp-json\/wp\/v2\/posts"}],"about":[{"href":"https:\/\/blogs.correiobraziliense.com.br\/vicente\/wp-json\/wp\/v2\/types\/post"}],"author":[{"embeddable":true,"href":"https:\/\/blogs.correiobraziliense.com.br\/vicente\/wp-json\/wp\/v2\/users\/22"}],"replies":[{"embeddable":true,"href":"https:\/\/blogs.correiobraziliense.com.br\/vicente\/wp-json\/wp\/v2\/comments?post=2181"}],"version-history":[{"count":4,"href":"https:\/\/blogs.correiobraziliense.com.br\/vicente\/wp-json\/wp\/v2\/posts\/2181\/revisions"}],"predecessor-version":[{"id":2185,"href":"https:\/\/blogs.correiobraziliense.com.br\/vicente\/wp-json\/wp\/v2\/posts\/2181\/revisions\/2185"}],"wp:attachment":[{"href":"https:\/\/blogs.correiobraziliense.com.br\/vicente\/wp-json\/wp\/v2\/media?parent=2181"}],"wp:term":[{"taxonomy":"category","embeddable":true,"href":"https:\/\/blogs.correiobraziliense.com.br\/vicente\/wp-json\/wp\/v2\/categories?post=2181"},{"taxonomy":"post_tag","embeddable":true,"href":"https:\/\/blogs.correiobraziliense.com.br\/vicente\/wp-json\/wp\/v2\/tags?post=2181"}],"curies":[{"name":"wp","href":"https:\/\/api.w.org\/{rel}","templated":true}]}}