{"id":2172,"date":"2016-07-24T15:01:14","date_gmt":"2016-07-24T18:01:14","guid":{"rendered":"https:\/\/blogs.correiobraziliense.com.br\/vicente\/?p=2172"},"modified":"2016-07-24T16:05:16","modified_gmt":"2016-07-24T19:05:16","slug":"o-que-faz-o-governo-temer-em-relacao-as-olimpiadas","status":"publish","type":"post","link":"https:\/\/blogs.correiobraziliense.com.br\/vicente\/o-que-faz-o-governo-temer-em-relacao-as-olimpiadas\/","title":{"rendered":"O que faz o governo Temer em rela\u00e7\u00e3o \u00e0s Olimp\u00edadas?"},"content":{"rendered":"<p>O governo de Michel Temer est\u00e1 saindo pior do que a encomenda. H\u00e1 mais de dois meses no cargo, sabendo que o pa\u00eds teria pela frente \u00e0s Olimp\u00edadas no Rio de Janeiro, nada fez para evitar o vexame que estamos assistindo. A recusa da delega\u00e7\u00e3o da Austr\u00e1lia em se hospedar nos alojamentos da Vila Ol\u00edmpica por consider\u00e1-los &#8220;inabit\u00e1veis&#8221; \u00e9 mais um exemplo do descaso do Pal\u00e1cio do Planalto.<\/p>\n<p>&nbsp;<\/p>\n<p>Diante do tamanho da miss\u00e3o que o Brasil tem pela frente, esperava-se que Temer tomasse as r\u00e9deas para evitar transtorno e queima\u00e7\u00e3o da imagem do pa\u00eds. Mas, n\u00e3o. Preferiu se acastelar e ado\u00e7ar a boca dos que lhe chantageiam de\u00a0olho nos cargos p\u00fablicos em troca da aprova\u00e7\u00e3o definitiva do impeachment de Dilma Rousseff.<\/p>\n<p>&nbsp;<\/p>\n<p>Temer deveria ter chamado para si a responsabilidade. Certamente, teria chances de se mostrar um bom gestor, capaz de conduzir o pa\u00eds em um momento t\u00e3o complicado. Contudo, como sempre acontece, delegou todo o servi\u00e7o a incompetentes, que est\u00e3o mais interessados em garantir ingressos para a primeira fila dos jogos, sobretudo para a festa de abertura das Olimp\u00edadas.<\/p>\n<p>&nbsp;<\/p>\n<p>Os defensores de Temer dizem que a organiza\u00e7\u00e3o das Olimp\u00edadas \u00e9 de responsabilidade da prefeitura do Rio e do Comit\u00ea Rio 2106. E que o mais importante o governo federal est\u00e1 fazendo: garantir a seguran\u00e7a do evento. Mas, convenhamos, a maior parte do dinheiro que foi colocado nas obras para os jogos partiu de Bras\u00edlia. Sem o suporte financeiro da Uni\u00e3o, pouco teria sa\u00eddo do papel.<\/p>\n<p>&nbsp;<\/p>\n<p>Portanto, o m\u00ednimo que Temer deveria fazer \u00e9 cobrar efici\u00eancia, exigir que tudo saia a contento. De nada adianta jogar a culpa nos organizadores. O governo federal j\u00e1 vinha falhando com Dilma e continua prevalecendo o descaso com o interino. Talvez esse termo seja uma arma do peemedebista para tentar se livrar das responsabilidades. Mas ser\u00e1 dif\u00edcil para todos, inclusive para Temer, fugirem da pecha de incompetentes.<\/p>\n<p>&nbsp;<\/p>\n<p><i>Brad\u00edlia, 15h01min\u00a0<\/i><\/p>\n","protected":false},"excerpt":{"rendered":"<p>O governo de Michel Temer est\u00e1 saindo pior do que a encomenda. H\u00e1 mais de dois meses no cargo, sabendo que o pa\u00eds teria pela frente \u00e0s Olimp\u00edadas no Rio de Janeiro, nada fez para evitar o vexame que estamos assistindo. A recusa da delega\u00e7\u00e3o da Austr\u00e1lia em se hospedar nos alojamentos da Vila Ol\u00edmpica [&hellip;]<\/p>\n","protected":false},"author":22,"featured_media":0,"comment_status":"open","ping_status":"closed","sticky":false,"template":"","format":"standard","meta":{"footnotes":""},"categories":[600],"tags":[756,551,759,12,111,278,758,462,757],"class_list":["post-2172","post","type-post","status-publish","format-standard","hentry","category-economia","tag-australia","tag-descaso","tag-hospedagem","tag-incompetencia","tag-michel-temer","tag-olimpiadas","tag-recusa","tag-seguranca","tag-vila-olimpica"],"_links":{"self":[{"href":"https:\/\/blogs.correiobraziliense.com.br\/vicente\/wp-json\/wp\/v2\/posts\/2172","targetHints":{"allow":["GET"]}}],"collection":[{"href":"https:\/\/blogs.correiobraziliense.com.br\/vicente\/wp-json\/wp\/v2\/posts"}],"about":[{"href":"https:\/\/blogs.correiobraziliense.com.br\/vicente\/wp-json\/wp\/v2\/types\/post"}],"author":[{"embeddable":true,"href":"https:\/\/blogs.correiobraziliense.com.br\/vicente\/wp-json\/wp\/v2\/users\/22"}],"replies":[{"embeddable":true,"href":"https:\/\/blogs.correiobraziliense.com.br\/vicente\/wp-json\/wp\/v2\/comments?post=2172"}],"version-history":[{"count":4,"href":"https:\/\/blogs.correiobraziliense.com.br\/vicente\/wp-json\/wp\/v2\/posts\/2172\/revisions"}],"predecessor-version":[{"id":2176,"href":"https:\/\/blogs.correiobraziliense.com.br\/vicente\/wp-json\/wp\/v2\/posts\/2172\/revisions\/2176"}],"wp:attachment":[{"href":"https:\/\/blogs.correiobraziliense.com.br\/vicente\/wp-json\/wp\/v2\/media?parent=2172"}],"wp:term":[{"taxonomy":"category","embeddable":true,"href":"https:\/\/blogs.correiobraziliense.com.br\/vicente\/wp-json\/wp\/v2\/categories?post=2172"},{"taxonomy":"post_tag","embeddable":true,"href":"https:\/\/blogs.correiobraziliense.com.br\/vicente\/wp-json\/wp\/v2\/tags?post=2172"}],"curies":[{"name":"wp","href":"https:\/\/api.w.org\/{rel}","templated":true}]}}