{"id":2153,"date":"2016-07-22T23:01:53","date_gmt":"2016-07-23T02:01:53","guid":{"rendered":"https:\/\/blogs.correiobraziliense.com.br\/vicente\/?p=2153"},"modified":"2016-07-22T23:05:35","modified_gmt":"2016-07-23T02:05:35","slug":"mais-desejo-que-realidade","status":"publish","type":"post","link":"https:\/\/blogs.correiobraziliense.com.br\/vicente\/mais-desejo-que-realidade\/","title":{"rendered":"Mais desejo que realidade"},"content":{"rendered":"<p>Um t\u00e9cnico do Minist\u00e9rio da Fazenda diz que esqueceu quando foi a \u00faltima vez que o Produto Interno Bruto (PIB) do pa\u00eds registrou alta. Ele acredita que a economia s\u00f3 voltar\u00e1 ao azul no \u00faltimo trimestre do ano. Mas v\u00e1rios de seus colegas insistem que isso acontecer\u00e1 entre julho e setembro. \u201cSe vier antes, vou ficar muito feliz\u201d, diz.<\/p>\n<p>&nbsp;<\/p>\n<p><b>Passado e presente<\/b><\/p>\n<p>&nbsp;<\/p>\n<p>A Fazenda j\u00e1 est\u00e1 preparando o discurso para quando for divulgado o PIB do segundo trimestre, em agosto, que mostrar\u00e1 um tombo feio da atividade. A orienta\u00e7\u00e3o entre os t\u00e9cnicos \u00e9 dizer que os resultados devem ser vistos pelo retrovisor. Mas que ningu\u00e9m espere nada espetacular na era Temer.<\/p>\n","protected":false},"excerpt":{"rendered":"<p>Um t\u00e9cnico do Minist\u00e9rio da Fazenda diz que esqueceu quando foi a \u00faltima vez que o Produto Interno Bruto (PIB) do pa\u00eds registrou alta. Ele acredita que a economia s\u00f3 voltar\u00e1 ao azul no \u00faltimo trimestre do ano. Mas v\u00e1rios de seus colegas insistem que isso acontecer\u00e1 entre julho e setembro. \u201cSe vier antes, vou [&hellip;]<\/p>\n","protected":false},"author":22,"featured_media":0,"comment_status":"open","ping_status":"closed","sticky":false,"template":"","format":"standard","meta":{"footnotes":""},"categories":[600],"tags":[],"class_list":["post-2153","post","type-post","status-publish","format-standard","hentry","category-economia"],"_links":{"self":[{"href":"https:\/\/blogs.correiobraziliense.com.br\/vicente\/wp-json\/wp\/v2\/posts\/2153","targetHints":{"allow":["GET"]}}],"collection":[{"href":"https:\/\/blogs.correiobraziliense.com.br\/vicente\/wp-json\/wp\/v2\/posts"}],"about":[{"href":"https:\/\/blogs.correiobraziliense.com.br\/vicente\/wp-json\/wp\/v2\/types\/post"}],"author":[{"embeddable":true,"href":"https:\/\/blogs.correiobraziliense.com.br\/vicente\/wp-json\/wp\/v2\/users\/22"}],"replies":[{"embeddable":true,"href":"https:\/\/blogs.correiobraziliense.com.br\/vicente\/wp-json\/wp\/v2\/comments?post=2153"}],"version-history":[{"count":1,"href":"https:\/\/blogs.correiobraziliense.com.br\/vicente\/wp-json\/wp\/v2\/posts\/2153\/revisions"}],"predecessor-version":[{"id":2154,"href":"https:\/\/blogs.correiobraziliense.com.br\/vicente\/wp-json\/wp\/v2\/posts\/2153\/revisions\/2154"}],"wp:attachment":[{"href":"https:\/\/blogs.correiobraziliense.com.br\/vicente\/wp-json\/wp\/v2\/media?parent=2153"}],"wp:term":[{"taxonomy":"category","embeddable":true,"href":"https:\/\/blogs.correiobraziliense.com.br\/vicente\/wp-json\/wp\/v2\/categories?post=2153"},{"taxonomy":"post_tag","embeddable":true,"href":"https:\/\/blogs.correiobraziliense.com.br\/vicente\/wp-json\/wp\/v2\/tags?post=2153"}],"curies":[{"name":"wp","href":"https:\/\/api.w.org\/{rel}","templated":true}]}}