{"id":2147,"date":"2016-07-22T17:05:07","date_gmt":"2016-07-22T20:05:07","guid":{"rendered":"https:\/\/blogs.correiobraziliense.com.br\/vicente\/?p=2147"},"modified":"2016-07-22T17:32:26","modified_gmt":"2016-07-22T20:32:26","slug":"deficit-sera-de-r-1705-bilhoes-diz-dyogo-oliveira","status":"publish","type":"post","link":"https:\/\/blogs.correiobraziliense.com.br\/vicente\/deficit-sera-de-r-1705-bilhoes-diz-dyogo-oliveira\/","title":{"rendered":"&#8220;Deficit ser\u00e1 de R$ 170,5 bilh\u00f5es&#8221;, diz Dyogo Oliveira"},"content":{"rendered":"<p>Diante da confus\u00e3o gerada pelo relat\u00f3rio bimestral de revis\u00e3o de receitas e despesas, que aponta para a possibilidade de o rombo nas contas p\u00fablicas deste ano chegar a R$ 187 bilh\u00f5es, o ministro do Planejamento, Dyogo Oliveira, disse ao <strong>Blog<\/strong> que o governo mant\u00e9m a meta de deficit de R$ 170,5 bilh\u00f5es. Isso, segundo ele, ficar\u00e1 claro quando o governo divulgar, at\u00e9 o dia 30, o decreto de programa\u00e7\u00e3o or\u00e7ament\u00e1ria.<\/p>\n<p>&nbsp;<\/p>\n<p>O ministro explicou que, em vez de abater da reserva de R$ 18 bilh\u00f5es para riscos fiscais os R$ 16,5 bilh\u00f5es de frustra\u00e7\u00e3o de receitas e de aumentos de gastos obrigat\u00f3rios, o governo somou a diferen\u00e7a aos R$ 170,5 bilh\u00f5es. Mas, quando o decreto for publicado, os R$ 16,5 bilh\u00f5es ser\u00e3o abatidos dos R$ 18 bilh\u00f5es. Com isso, a reserva para absorver riscos fiscais ser\u00e1 reduzida drasticamente e a meta de deficit ficar\u00e1 mais clara. N\u00e3o \u00e9 s\u00f3. &#8220;Acabar\u00e1 a folga no Or\u00e7amento&#8221;, afirmou.<\/p>\n<p>&nbsp;<\/p>\n<p>Segundo Oliveira, haver\u00e1 um encontro de contas. Os R$ 18 bilh\u00f5es de reserva est\u00e3o inclu\u00eddos na proje\u00e7\u00e3o de deficit de R$ 170,5 bilh\u00f5es. Ent\u00e3o, n\u00e3o h\u00e1 porque os R$ 16,5 bilh\u00f5es serem somados ao rombo. Essa quantia ser\u00e1 descontada da reserva.\u00a0 Ele garantiu que o objetivo do governo n\u00e3o \u00e9 confundir, mas dar transpar\u00eancia aos dados. &#8220;Isso mostra que n\u00e3o h\u00e1 folga no or\u00e7amento e que estamos trabalhando com os n\u00fameros mais realistas poss\u00edveis&#8221;, assinalou.<\/p>\n<p>&nbsp;<\/p>\n<p>O ministro ressaltou ainda que, como havia a reserva para riscos fiscais de R$ 18 bilh\u00f5es, n\u00e3o foi necess\u00e1rio fazer o esperado contingenciamento de R$ 20 bilh\u00f5es, que acabou descartado pelo presidente interino, Michel Temer. Oliveira acrescentou, tamb\u00e9m, que a arrecada\u00e7\u00e3o est\u00e1 caindo muito, o que dificulta o processo de ajuste fiscal. Em 2007, afirmou ele, as receitas administradas pelo Fisco correspondiam a 17% do PIB. Neste ano, est\u00e3o em 12,5%.<\/p>\n<p>&nbsp;<\/p>\n<p><em>Bras\u00edlia, 17h05min<\/em><\/p>\n","protected":false},"excerpt":{"rendered":"<p>Diante da confus\u00e3o gerada pelo relat\u00f3rio bimestral de revis\u00e3o de receitas e despesas, que aponta para a possibilidade de o rombo nas contas p\u00fablicas deste ano chegar a R$ 187 bilh\u00f5es, o ministro do Planejamento, Dyogo Oliveira, disse ao Blog que o governo mant\u00e9m a meta de deficit de R$ 170,5 bilh\u00f5es. Isso, segundo ele, [&hellip;]<\/p>\n","protected":false},"author":22,"featured_media":0,"comment_status":"open","ping_status":"closed","sticky":false,"template":"","format":"standard","meta":{"footnotes":""},"categories":[600],"tags":[],"class_list":["post-2147","post","type-post","status-publish","format-standard","hentry","category-economia"],"_links":{"self":[{"href":"https:\/\/blogs.correiobraziliense.com.br\/vicente\/wp-json\/wp\/v2\/posts\/2147","targetHints":{"allow":["GET"]}}],"collection":[{"href":"https:\/\/blogs.correiobraziliense.com.br\/vicente\/wp-json\/wp\/v2\/posts"}],"about":[{"href":"https:\/\/blogs.correiobraziliense.com.br\/vicente\/wp-json\/wp\/v2\/types\/post"}],"author":[{"embeddable":true,"href":"https:\/\/blogs.correiobraziliense.com.br\/vicente\/wp-json\/wp\/v2\/users\/22"}],"replies":[{"embeddable":true,"href":"https:\/\/blogs.correiobraziliense.com.br\/vicente\/wp-json\/wp\/v2\/comments?post=2147"}],"version-history":[{"count":1,"href":"https:\/\/blogs.correiobraziliense.com.br\/vicente\/wp-json\/wp\/v2\/posts\/2147\/revisions"}],"predecessor-version":[{"id":2148,"href":"https:\/\/blogs.correiobraziliense.com.br\/vicente\/wp-json\/wp\/v2\/posts\/2147\/revisions\/2148"}],"wp:attachment":[{"href":"https:\/\/blogs.correiobraziliense.com.br\/vicente\/wp-json\/wp\/v2\/media?parent=2147"}],"wp:term":[{"taxonomy":"category","embeddable":true,"href":"https:\/\/blogs.correiobraziliense.com.br\/vicente\/wp-json\/wp\/v2\/categories?post=2147"},{"taxonomy":"post_tag","embeddable":true,"href":"https:\/\/blogs.correiobraziliense.com.br\/vicente\/wp-json\/wp\/v2\/tags?post=2147"}],"curies":[{"name":"wp","href":"https:\/\/api.w.org\/{rel}","templated":true}]}}