{"id":2140,"date":"2016-07-22T17:05:29","date_gmt":"2016-07-22T20:05:29","guid":{"rendered":"https:\/\/blogs.correiobraziliense.com.br\/vicente\/?p=2140"},"modified":"2016-07-22T17:06:26","modified_gmt":"2016-07-22T20:06:26","slug":"previdencia-social-tera-rombo-de-r-r-1492-bilhoes-equivalente-238-do-pib","status":"publish","type":"post","link":"https:\/\/blogs.correiobraziliense.com.br\/vicente\/previdencia-social-tera-rombo-de-r-r-1492-bilhoes-equivalente-238-do-pib\/","title":{"rendered":"Previd\u00eancia Social ter\u00e1 rombo de R$ R$ 149,2 bilh\u00f5es em 2016, equivalente a 2,38% do PIB"},"content":{"rendered":"<p>POR ANTONIO TEM\u00d3TEO<\/p>\n<p>&nbsp;<\/p>\n<p>O rombo da Previd\u00eancia Social atingir\u00e1 em 2016 incr\u00edveis R$ 149,2 bilh\u00f5es. Esse valor corresponde a 2,38% do Produto Interno Bruto (PIB). As despesas do Instituto Nacional do Seguro Social (INSS) com o pagamento de benef\u00edcios chegar\u00e3o a R$ 507,8 bilh\u00f5es, o maior patamar da hist\u00f3ria. A previs\u00e3o inicial do governo apresentada ao Congresso Nacional, no projeto de Lei de Diretrizes Or\u00e7ament\u00e1rias (LDO) de 2017 indicava que o deficit seria de R$ 133,6 bilh\u00f5es, o equivalente a 2,14% do PIB<\/p>\n<p>&nbsp;<\/p>\n<p>Em meio \u00e0 piora das proje\u00e7\u00f5es, o governo ainda n\u00e3o fechou uma proposta de reforma para a Previd\u00eancia. Assim que passou a exercer interinamente a fun\u00e7\u00e3o de Presidente da Rep\u00fablica, Michel Temer se comprometeu em formular em at\u00e9 um m\u00eas um projeto para ser enviado ao Congresso. At\u00e9 agora, pouco foi feito. A Previd\u00eancia sequer passou a fazer parte, formalmente, da estrutura do Minist\u00e9rio da Fazenda.<\/p>\n<p>&nbsp;<\/p>\n<p>Para piorar, Marcelo Caetano, escolhido para ocupar a Secretaria de Previd\u00eancia da Fazenda, ainda despacha, interinamente, como secret\u00e1rio de Pol\u00edticas de Previd\u00eancia Complementar. O descaso do Executivo mostra que o tema n\u00e3o ganhou a relev\u00e2ncia necess\u00e1ria. Com rombo fiscal projetado para este ano de R$ 170,5 bilh\u00f5es, alterar as normas para concess\u00e3o de benef\u00edcios \u00e9 essencial para que o pa\u00eds saia do buraco.<\/p>\n<p>&nbsp;<\/p>\n<p><em>Brasilia, 16h59min<\/em><\/p>\n","protected":false},"excerpt":{"rendered":"<p>POR ANTONIO TEM\u00d3TEO &nbsp; O rombo da Previd\u00eancia Social atingir\u00e1 em 2016 incr\u00edveis R$ 149,2 bilh\u00f5es. Esse valor corresponde a 2,38% do Produto Interno Bruto (PIB). As despesas do Instituto Nacional do Seguro Social (INSS) com o pagamento de benef\u00edcios chegar\u00e3o a R$ 507,8 bilh\u00f5es, o maior patamar da hist\u00f3ria. A previs\u00e3o inicial do governo [&hellip;]<\/p>\n","protected":false},"author":22,"featured_media":0,"comment_status":"open","ping_status":"closed","sticky":false,"template":"","format":"standard","meta":{"footnotes":""},"categories":[600],"tags":[76,408,58,406,541],"class_list":["post-2140","post","type-post","status-publish","format-standard","hentry","category-economia","tag-deficit","tag-inss","tag-pib","tag-previdencia-social","tag-rombo"],"_links":{"self":[{"href":"https:\/\/blogs.correiobraziliense.com.br\/vicente\/wp-json\/wp\/v2\/posts\/2140","targetHints":{"allow":["GET"]}}],"collection":[{"href":"https:\/\/blogs.correiobraziliense.com.br\/vicente\/wp-json\/wp\/v2\/posts"}],"about":[{"href":"https:\/\/blogs.correiobraziliense.com.br\/vicente\/wp-json\/wp\/v2\/types\/post"}],"author":[{"embeddable":true,"href":"https:\/\/blogs.correiobraziliense.com.br\/vicente\/wp-json\/wp\/v2\/users\/22"}],"replies":[{"embeddable":true,"href":"https:\/\/blogs.correiobraziliense.com.br\/vicente\/wp-json\/wp\/v2\/comments?post=2140"}],"version-history":[{"count":1,"href":"https:\/\/blogs.correiobraziliense.com.br\/vicente\/wp-json\/wp\/v2\/posts\/2140\/revisions"}],"predecessor-version":[{"id":2146,"href":"https:\/\/blogs.correiobraziliense.com.br\/vicente\/wp-json\/wp\/v2\/posts\/2140\/revisions\/2146"}],"wp:attachment":[{"href":"https:\/\/blogs.correiobraziliense.com.br\/vicente\/wp-json\/wp\/v2\/media?parent=2140"}],"wp:term":[{"taxonomy":"category","embeddable":true,"href":"https:\/\/blogs.correiobraziliense.com.br\/vicente\/wp-json\/wp\/v2\/categories?post=2140"},{"taxonomy":"post_tag","embeddable":true,"href":"https:\/\/blogs.correiobraziliense.com.br\/vicente\/wp-json\/wp\/v2\/tags?post=2140"}],"curies":[{"name":"wp","href":"https:\/\/api.w.org\/{rel}","templated":true}]}}