{"id":2136,"date":"2016-07-22T15:30:56","date_gmt":"2016-07-22T18:30:56","guid":{"rendered":"https:\/\/blogs.correiobraziliense.com.br\/vicente\/?p=2136"},"modified":"2016-07-22T21:10:56","modified_gmt":"2016-07-23T00:10:56","slug":"governo-queira-reserva-de-16-5-bilhoes-para-evitar-deficit-de-187-bilhoes","status":"publish","type":"post","link":"https:\/\/blogs.correiobraziliense.com.br\/vicente\/governo-queira-reserva-de-16-5-bilhoes-para-evitar-deficit-de-187-bilhoes\/","title":{"rendered":"Governo queima reserva de R$ 16,5 bilh\u00f5es para evitar deficit de R$ 187 bilh\u00f5es"},"content":{"rendered":"<p>ROSANA HESSEL<\/p>\n<p>&nbsp;<\/p>\n<p>A situa\u00e7\u00e3o das finan\u00e7as p\u00fablicas est\u00e1 pior do que o Pal\u00e1cio do Planalto vem dizendo. A equipe econ\u00f4mica j\u00e1 prev\u00ea rombo de at\u00e9 R$ 186,9 bilh\u00f5es para este ano nas contas do governo central (que inclui Tesouro Nacional, Previd\u00eancia Social e Banco Central), o equivalente a 3% do Produto Interno Bruto (PIB).<\/p>\n<p>&nbsp;<\/p>\n<p>Para esse deficit n\u00e3o ser alcan\u00e7ado, segundo a reavalia\u00e7\u00e3o bimestral de receitas e despesas, a Uni\u00e3o ter\u00e1 que queimar R$ 16,5 bilh\u00f5es da reserva de R$ 18 bilh\u00f5es que estava prevista no buraco de R$ 170,5 bilh\u00f5es definido pela Lei de Diretrizes Or\u00e7ament\u00e1rias (LDO), que foi alterada em maio \u00faltimo.<\/p>\n<p>&nbsp;<\/p>\n<p>N\u00e3o por acaso, a equipe econ\u00f4mica tentou fazer um contingenciamento de R$ 20 bilh\u00f5es para ser anunciado nesta sexta-feira, mas acabou prevalecendo a vis\u00e3o da ala pol\u00edtica do Planalto, de que n\u00e3o havia porque impor um novo arrocho \u00e0 economia, que est\u00e1 mergulhada em profunda recess\u00e3o. O ministro da Fazenda, Henrique Meirelles, foi derrotado na proposta, mas, para demonstrar for\u00e7a, vem dizendo que partiu dele a ideia de adiar o an\u00fancio de cortes.<\/p>\n<p>&nbsp;<\/p>\n<p>Por meio de nota, o Planejamento garantiu que a meta de R$ 170,5 bilh\u00f5es ser\u00e1 cumprida. O \u00f3rg\u00e3o admite que houve frustra\u00e7\u00e3o de receitas e aumento de despesas obrigat\u00f3rias, mas &#8220;esses riscos haviam sido considerados quando da defini\u00e7\u00e3o da meta de resultado prim\u00e1rio, o que ratifica seu realismo e reafirma as bases para o seu estrito cumprimento&#8221;.<\/p>\n<p>&nbsp;<\/p>\n<p>De acordo com o Planejamento, os riscos fiscais se referem \u00e0 frustra\u00e7\u00e3o na receita l\u00edquida de transfer\u00eancias, no valor de R$ 7,9 bilh\u00f5es, e ao aumento na estimativa de despesas obrigat\u00f3rias de R$ 8,6 bilh\u00f5es, o que totaliza R$ 16,5 bilh\u00f5es.<\/p>\n<p>&nbsp;<\/p>\n<p>O Planejamento diz ainda que a frustra\u00e7\u00e3o da receita administrada, de R$ 7,9 bilh\u00f5es, decorreu, na metade, de reestimativa de tributos vinculados \u00e0 atividade econ\u00f4mica. Ressalta tamb\u00e9m que outros fatores, n\u00e3o recorrentes, responderam por R$ 3,8 bilh\u00f5es de redu\u00e7\u00e3o.<\/p>\n<p>&nbsp;<\/p>\n<p>&#8220;Em especial, houve a devolu\u00e7\u00e3o, pelo governo central, de dep\u00f3sito judicial no valor de R$ 1,6 bilh\u00e3o, pagamento que \u00e9 deduzido da receita l\u00edquida, mas que n\u00e3o afeta o comportamento futuro da receita&#8221;, explica o Planejamento.<\/p>\n<p>&nbsp;<\/p>\n<p>Do lado da despesa, acrescenta o minist\u00e9rio, o aumento de R$ 8,6 bilh\u00f5es decorreu de duas contas: a revis\u00e3o do gasto com previd\u00eancia social em R$ 4,5 bilh\u00f5es no ano e o aux\u00edlio financeiro de R$ 2,9 bilh\u00f5es do governo federal para garantir a seguran\u00e7a dos jogos ol\u00edmpicos do Rio de Janeiro, esta \u00faltima, despesa n\u00e3o recorrente.<\/p>\n<p>&nbsp;<\/p>\n<p><strong>Indicadores<\/strong><\/p>\n<p>&nbsp;<\/p>\n<p>O governo federal melhorou os par\u00e2metros macroecon\u00f4micos deste ano. O Planejamento reduziu de 3,8% para 3,1% a proje\u00e7\u00e3o de queda do PIB em 2016 em compara\u00e7\u00e3o com o relat\u00f3rio de maio. Com isso, elevou de R$ 6,198 trilh\u00f5es para R$ 6,248 trilh\u00f5es o valor nominal do PIB e ampliou de 2,4% para 3,3% a varia\u00e7\u00e3o da massa salarial. As proje\u00e7\u00f5es de infla\u00e7\u00e3o, no entanto, pioraram, passando de 7% para 7,2% no mesmo per\u00edodo.<\/p>\n<p>&nbsp;<\/p>\n<p>A estimativa para a receita l\u00edquida do governo central caiu 0,7%, para R$ 1,069 trilh\u00e3o, atingindo o equivalente a 17,13% do PIB.\u00a0 J\u00e1 as despesas cresceram 0,6% em rela\u00e7\u00e3o \u00e0 previs\u00e3o de maio, para R$ 1,256\u00a0 trilh\u00e3o, ou seja, 20,12% do PIB, conforme o relat\u00f3rio.<\/p>\n<p>&nbsp;<\/p>\n<p><em>Bras\u00edlia, 15h30min<\/em><\/p>\n","protected":false},"excerpt":{"rendered":"<p>ROSANA HESSEL &nbsp; A situa\u00e7\u00e3o das finan\u00e7as p\u00fablicas est\u00e1 pior do que o Pal\u00e1cio do Planalto vem dizendo. A equipe econ\u00f4mica j\u00e1 prev\u00ea rombo de at\u00e9 R$ 186,9 bilh\u00f5es para este ano nas contas do governo central (que inclui Tesouro Nacional, Previd\u00eancia Social e Banco Central), o equivalente a 3% do Produto Interno Bruto (PIB). [&hellip;]<\/p>\n","protected":false},"author":22,"featured_media":0,"comment_status":"open","ping_status":"closed","sticky":false,"template":"","format":"standard","meta":{"footnotes":""},"categories":[600],"tags":[],"class_list":["post-2136","post","type-post","status-publish","format-standard","hentry","category-economia"],"_links":{"self":[{"href":"https:\/\/blogs.correiobraziliense.com.br\/vicente\/wp-json\/wp\/v2\/posts\/2136","targetHints":{"allow":["GET"]}}],"collection":[{"href":"https:\/\/blogs.correiobraziliense.com.br\/vicente\/wp-json\/wp\/v2\/posts"}],"about":[{"href":"https:\/\/blogs.correiobraziliense.com.br\/vicente\/wp-json\/wp\/v2\/types\/post"}],"author":[{"embeddable":true,"href":"https:\/\/blogs.correiobraziliense.com.br\/vicente\/wp-json\/wp\/v2\/users\/22"}],"replies":[{"embeddable":true,"href":"https:\/\/blogs.correiobraziliense.com.br\/vicente\/wp-json\/wp\/v2\/comments?post=2136"}],"version-history":[{"count":11,"href":"https:\/\/blogs.correiobraziliense.com.br\/vicente\/wp-json\/wp\/v2\/posts\/2136\/revisions"}],"predecessor-version":[{"id":2152,"href":"https:\/\/blogs.correiobraziliense.com.br\/vicente\/wp-json\/wp\/v2\/posts\/2136\/revisions\/2152"}],"wp:attachment":[{"href":"https:\/\/blogs.correiobraziliense.com.br\/vicente\/wp-json\/wp\/v2\/media?parent=2136"}],"wp:term":[{"taxonomy":"category","embeddable":true,"href":"https:\/\/blogs.correiobraziliense.com.br\/vicente\/wp-json\/wp\/v2\/categories?post=2136"},{"taxonomy":"post_tag","embeddable":true,"href":"https:\/\/blogs.correiobraziliense.com.br\/vicente\/wp-json\/wp\/v2\/tags?post=2136"}],"curies":[{"name":"wp","href":"https:\/\/api.w.org\/{rel}","templated":true}]}}