{"id":21273,"date":"2021-10-13T13:32:44","date_gmt":"2021-10-13T16:32:44","guid":{"rendered":"https:\/\/blogs.correiobraziliense.com.br\/vicente\/?p=21273"},"modified":"2021-10-13T20:47:31","modified_gmt":"2021-10-13T23:47:31","slug":"para-fmi-a-agenda-global-prioritaria-e-controlar-a-pandemia-da-covid-19","status":"publish","type":"post","link":"https:\/\/blogs.correiobraziliense.com.br\/vicente\/para-fmi-a-agenda-global-prioritaria-e-controlar-a-pandemia-da-covid-19\/","title":{"rendered":"Para FMI, a agenda global priorit\u00e1ria \u00e9 controlar a pandemia da covid-19"},"content":{"rendered":"<h2>ROSANA HESSEL<\/h2>\n<h2>A agenda global priorit\u00e1ria para a economia mundial \u00e9 controlar a pandemia provocada pela covid-19, de acordo com o Fundo Monet\u00e1rio Internacional (FMI), que elencou tr\u00eas prioridades para essa finalidade: vacinar, calibrar e acelerar.\u00a0&#8220;\u00c9 necess\u00e1ria uma a\u00e7\u00e3o pol\u00edtica urgente para controlar a pandemia,\u00a0limitar cicatrizes e transformar a economia global&#8221;, destacou o organismo internacional em documento divulgado nesta quarta-feira (13\/10), que demonstra preocupa\u00e7\u00e3o com o avan\u00e7o desigual da vacina\u00e7\u00e3o e tamb\u00e9m defende uma &#8220;a\u00e7\u00e3o imediata&#8221; contra as mudan\u00e7as clim\u00e1ticas.<\/h2>\n<p>&nbsp;<\/p>\n<p>De acordo com o Fundo, \u00e9 preciso vacinar a popula\u00e7\u00e3o mundial para conter a propaga\u00e7\u00e3o da pandemia; calibrar pol\u00edticas para limitar cicatrizes, apoiar a recupera\u00e7\u00e3o e\u00a0combater as diverg\u00eancias crescentes dentro e entre os pa\u00edses; e acelerar a transforma\u00e7\u00e3o da economia global para\u00a0obter uma recupera\u00e7\u00e3o mais inclusiva, mais ecol\u00f3gica e digital. &#8220;Agora \u00e9 a hora de nos reunirmos e acertarmos as coisas para as gera\u00e7\u00f5es futuras\u00a0guiando o nosso caminho para sair da crise e definindo o curso para mais\u00a0futuro pr\u00f3spero&#8221;, defendeu a entidade no comunicado.<\/p>\n<p>&nbsp;<\/p>\n<p>No relat\u00f3rio, o Fundo ainda destaca que a recupera\u00e7\u00e3o continua, gra\u00e7as aos fatores monet\u00e1rios, fiscais e apoio financeiro durante o ano passado. &#8220;No entanto, induzida por pandemia, diverg\u00eancias persistem, impulsionadas por diferen\u00e7as marcantes no acesso a\u00a0vacinas e espa\u00e7o pol\u00edtico. A r\u00e1pida dissemina\u00e7\u00e3o da variante Delta e\u00a0a amea\u00e7a de novas variantes adiciona mais incerteza \u00e0s perspectivas&#8221;, alertou.\u00a0 A meta global de vacinar\u00a0pelo menos 40 por cento da popula\u00e7\u00e3o em todos os pa\u00edses at\u00e9 o final de 2021\u00a0e 70% at\u00e9 meados de 2022 continua sendo uma prioridade, na avalia\u00e7\u00e3o da institui\u00e7\u00e3o.<\/p>\n<p>&nbsp;<\/p>\n<p>&#8220;O Fundo est\u00e1 colaborando estreitamente com parceiros globais na luta\u00a0contra a pandemia. Estamos engajados com outras institui\u00e7\u00f5es financeiras e grupos membros, incluindo o G20 e o G7, na mobiliza\u00e7\u00e3o de recursos para ajudar os pa\u00edses a enfrentar o\u00a0emerg\u00eancia de sa\u00fade e reduzir as desigualdades no acesso \u00e0s vacinas e econ\u00f4micas&#8221;, destacou o Fundo durante o evento anual da institui\u00e7\u00e3o com ministros da Economia e presidentes de bancos centrais dos pa\u00edses membros e que tem as mudan\u00e7as clim\u00e1ticas como um dos principais temas do encontro de outono, no Hemisf\u00e9rio Norte, que ocorre nesta semana.<\/p>\n<p>&nbsp;<\/p>\n<p>A rec\u00e9m-lan\u00e7ada For\u00e7a-Tarefa de L\u00edderes Multilaterais, segundo o FMI,\u00a0 foi projetada\u00a0para facilitar a coordena\u00e7\u00e3o entre os parceiros internacionais e ampliar\u00a0o impacto dos esfor\u00e7os coletivos, ajudando a identificar o financiamento cr\u00edtico\u00a0necessidades e fontes e orientar a pol\u00edtica para apoiar a vacina\u00e7\u00e3o dos pa\u00edses,\u00a0diagn\u00f3sticos e esfor\u00e7os de tratamento.<\/p>\n<p>&nbsp;<\/p>\n<p><b>Os &#8220;tr\u00eas Cs&#8221; desafiadores <\/b><\/p>\n<p>&nbsp;<\/p>\n<p>E, nessa tarefa, o Fundo destacou em um relat\u00f3rio divulgado ontem, quando tamb\u00e9m apresentou as <a href=\"https:\/\/www.correiobraziliense.com.br\/economia\/2021\/10\/4955057-fmi-pais-vai-crescer-15-em-2022.html\">novas proje\u00e7\u00f5es para a atividade econ\u00f4mica global e do Produto Interno Bruto (PIB) do Brasil<\/a>, tr\u00eas grandes desafios para a economia que come\u00e7am com a letra C e que precisar\u00e3o ser observados pelos bancos centrais na condu\u00e7\u00e3o da pol\u00edtica monet\u00e1ria: Covid, Criptomoedas e Clima, os chamados &#8220;3Cs&#8221; conforme o relat\u00f3rio de estabilidade financeira.<\/p>\n<p>&nbsp;<\/p>\n<p>No encontro deste ano, o FMI tamb\u00e9m destacou a import\u00e2ncia da solidez financeira dos pa\u00edses para a 16\u00aa Revis\u00e3o Geral de Quotas, que ocorrer\u00e1 at\u00e9 o fim de 2023 entre os 189 pa\u00edses membros. &#8220;Para cumprir a proposta a agenda de m\u00e9dio prazo, estamos explorando com os membros o\u00a0envelope de or\u00e7amento apropriado para fortalecer nossa capacidade de lidar com\u00a0os novos desafios em evolu\u00e7\u00e3o e atender \u00e0s necessidades dos membros no\u00a0era p\u00f3s-covid-19. Tamb\u00e9m avan\u00e7aremos na integra\u00e7\u00e3o de risco\u00a0gest\u00e3o com a nossa agenda de trabalho&#8221;, destacou a institui\u00e7\u00e3o no documento, no qual refor\u00e7ou a necessidade de avan\u00e7os na agenda clim\u00e1tica, focando na redu\u00e7\u00e3o das emiss\u00f5es.\u00a0 &#8220;Continuaremos\u00a0nossos esfor\u00e7os em diversidade e inclus\u00e3o, implementar moderniza\u00e7\u00e3o\u00a0projetos para melhorar a efici\u00eancia e reduzir nossa pegada de carbono\u00a0sob o novo modelo de trabalho h\u00edbrido&#8221;, completou.<\/p>\n<p>&nbsp;<\/p>\n","protected":false},"excerpt":{"rendered":"<p>ROSANA HESSEL A agenda global priorit\u00e1ria para a economia mundial \u00e9 controlar a pandemia provocada pela covid-19, de acordo com o Fundo Monet\u00e1rio Internacional (FMI), que elencou tr\u00eas prioridades para essa finalidade: vacinar, calibrar e acelerar.\u00a0&#8220;\u00c9 necess\u00e1ria uma a\u00e7\u00e3o pol\u00edtica urgente para controlar a pandemia,\u00a0limitar cicatrizes e transformar a economia global&#8221;, destacou o organismo internacional [&hellip;]<\/p>\n","protected":false},"author":22,"featured_media":16216,"comment_status":"open","ping_status":"closed","sticky":false,"template":"","format":"standard","meta":{"footnotes":""},"categories":[600],"tags":[5821,4830,4505,2250,4510,3718],"class_list":["post-21273","post","type-post","status-publish","format-standard","has-post-thumbnail","hentry","category-economia","tag-agenda-global","tag-clima","tag-covid-19","tag-fmi","tag-pandemia","tag-vacinacao"],"_links":{"self":[{"href":"https:\/\/blogs.correiobraziliense.com.br\/vicente\/wp-json\/wp\/v2\/posts\/21273","targetHints":{"allow":["GET"]}}],"collection":[{"href":"https:\/\/blogs.correiobraziliense.com.br\/vicente\/wp-json\/wp\/v2\/posts"}],"about":[{"href":"https:\/\/blogs.correiobraziliense.com.br\/vicente\/wp-json\/wp\/v2\/types\/post"}],"author":[{"embeddable":true,"href":"https:\/\/blogs.correiobraziliense.com.br\/vicente\/wp-json\/wp\/v2\/users\/22"}],"replies":[{"embeddable":true,"href":"https:\/\/blogs.correiobraziliense.com.br\/vicente\/wp-json\/wp\/v2\/comments?post=21273"}],"version-history":[{"count":4,"href":"https:\/\/blogs.correiobraziliense.com.br\/vicente\/wp-json\/wp\/v2\/posts\/21273\/revisions"}],"predecessor-version":[{"id":21299,"href":"https:\/\/blogs.correiobraziliense.com.br\/vicente\/wp-json\/wp\/v2\/posts\/21273\/revisions\/21299"}],"wp:featuredmedia":[{"embeddable":true,"href":"https:\/\/blogs.correiobraziliense.com.br\/vicente\/wp-json\/wp\/v2\/media\/16216"}],"wp:attachment":[{"href":"https:\/\/blogs.correiobraziliense.com.br\/vicente\/wp-json\/wp\/v2\/media?parent=21273"}],"wp:term":[{"taxonomy":"category","embeddable":true,"href":"https:\/\/blogs.correiobraziliense.com.br\/vicente\/wp-json\/wp\/v2\/categories?post=21273"},{"taxonomy":"post_tag","embeddable":true,"href":"https:\/\/blogs.correiobraziliense.com.br\/vicente\/wp-json\/wp\/v2\/tags?post=21273"}],"curies":[{"name":"wp","href":"https:\/\/api.w.org\/{rel}","templated":true}]}}