{"id":2126,"date":"2016-07-22T09:35:27","date_gmt":"2016-07-22T12:35:27","guid":{"rendered":"https:\/\/blogs.correiobraziliense.com.br\/vicente\/?p=2126"},"modified":"2016-07-22T12:35:21","modified_gmt":"2016-07-22T15:35:21","slug":"arrastao-no-banco-central","status":"publish","type":"post","link":"https:\/\/blogs.correiobraziliense.com.br\/vicente\/arrastao-no-banco-central\/","title":{"rendered":"Arrast\u00e3o no Banco Central"},"content":{"rendered":"<p>T\u00e9cnicos do Banco Central far\u00e3o um arrast\u00e3o pelos andares do pr\u00e9dio da institui\u00e7\u00e3o em Bras\u00edlia a fim de convencer os analistas a se juntarem a eles na manifesta\u00e7\u00e3o marcada para esta sexta-feira, 22.<\/p>\n<p>&nbsp;<\/p>\n<p>A meta dos t\u00e9cnicos \u00e9 conquistar o apoio de analistas ao projeto aprovado no Congresso que reestrutura as carreiras no BC, mudando o crit\u00e9rio de acesso em concursos p\u00fablicos de n\u00edvel m\u00e9dio para n\u00edvel superior, sem impacto financeiro para a Uni\u00e3o. O presidente interino, Michel Temer, havia indicado que poderia vetar a medida. Mas, nos \u00faltimos dias, por conta da press\u00e3o dos funcion\u00e1rios do BC, o quadro come\u00e7ou a mudar.<\/p>\n<p>&nbsp;<\/p>\n<p>Segundo o presidente do Sindicato dos T\u00e9cnicos do BC (SinTBacen), Willekens Brasil, houve, na \u00faltima ter\u00e7a-feira, uma conversa do ministro da Casa Civil, Eliseu Padilha, com dois diretores da autoridade monet\u00e1ria, Edson Feltrim (Administra\u00e7\u00e3o) e Isaac Sidney Ferreira (Relacionamento Institucional e Cidadania), e a mensagem emitida foi a de que o governo pretendia cumprir todos os acordos.<\/p>\n<p>&nbsp;<\/p>\n<p>O mesmo recado foi repassado aos pr\u00f3prios t\u00e9cnicos por um funcion\u00e1rio da Casa Civil. O problema est\u00e1 em um acordo fechado com a lideran\u00e7a do governo no Senado, que trabalhou para a aprova\u00e7\u00e3o de todos os projetos de lei garantindo aumento de sal\u00e1rios aos servidores, com a promessa de Temer de que tudo o que estivesse fora dos reajustes seria vetado. Essa negocia\u00e7\u00e3o impediu que os projetos voltassem para a C\u00e2mara e atrasassem a decis\u00e3o sobre a corre\u00e7\u00e3o dos sal\u00e1rios.<\/p>\n<p>&nbsp;<\/p>\n<p>&#8220;O cumprimento do acordo depende do esfor\u00e7o do presidente do BC, Ilan Goldfajn&#8221;, diz Brasil. &#8220;Nas reuni\u00f5es que estivemos com ele, foi garantido todo o empenho dele e da institui\u00e7\u00e3o para fazer valer o que foi aprovado pelo Senado&#8221;, acrescenta.<\/p>\n<p>&nbsp;<\/p>\n<p>Os t\u00e9cnicos do BC est\u00e3o em greve h\u00e1 mais de uma semana para pressionar o Pal\u00e1cio do Planalto a manter a reestrutura\u00e7\u00e3o das carreiras.<\/p>\n","protected":false},"excerpt":{"rendered":"<p>T\u00e9cnicos do Banco Central far\u00e3o um arrast\u00e3o pelos andares do pr\u00e9dio da institui\u00e7\u00e3o em Bras\u00edlia a fim de convencer os analistas a se juntarem a eles na manifesta\u00e7\u00e3o marcada para esta sexta-feira, 22. &nbsp; A meta dos t\u00e9cnicos \u00e9 conquistar o apoio de analistas ao projeto aprovado no Congresso que reestrutura as carreiras no BC, [&hellip;]<\/p>\n","protected":false},"author":22,"featured_media":0,"comment_status":"open","ping_status":"closed","sticky":false,"template":"","format":"standard","meta":{"footnotes":""},"categories":[600],"tags":[748,3,749,347,111,295,747,750],"class_list":["post-2126","post","type-post","status-publish","format-standard","hentry","category-economia","tag-analistas","tag-banco-central","tag-carreiras","tag-greve","tag-michel-temer","tag-reestruturacao","tag-tecnicos","tag-veto"],"_links":{"self":[{"href":"https:\/\/blogs.correiobraziliense.com.br\/vicente\/wp-json\/wp\/v2\/posts\/2126","targetHints":{"allow":["GET"]}}],"collection":[{"href":"https:\/\/blogs.correiobraziliense.com.br\/vicente\/wp-json\/wp\/v2\/posts"}],"about":[{"href":"https:\/\/blogs.correiobraziliense.com.br\/vicente\/wp-json\/wp\/v2\/types\/post"}],"author":[{"embeddable":true,"href":"https:\/\/blogs.correiobraziliense.com.br\/vicente\/wp-json\/wp\/v2\/users\/22"}],"replies":[{"embeddable":true,"href":"https:\/\/blogs.correiobraziliense.com.br\/vicente\/wp-json\/wp\/v2\/comments?post=2126"}],"version-history":[{"count":7,"href":"https:\/\/blogs.correiobraziliense.com.br\/vicente\/wp-json\/wp\/v2\/posts\/2126\/revisions"}],"predecessor-version":[{"id":2133,"href":"https:\/\/blogs.correiobraziliense.com.br\/vicente\/wp-json\/wp\/v2\/posts\/2126\/revisions\/2133"}],"wp:attachment":[{"href":"https:\/\/blogs.correiobraziliense.com.br\/vicente\/wp-json\/wp\/v2\/media?parent=2126"}],"wp:term":[{"taxonomy":"category","embeddable":true,"href":"https:\/\/blogs.correiobraziliense.com.br\/vicente\/wp-json\/wp\/v2\/categories?post=2126"},{"taxonomy":"post_tag","embeddable":true,"href":"https:\/\/blogs.correiobraziliense.com.br\/vicente\/wp-json\/wp\/v2\/tags?post=2126"}],"curies":[{"name":"wp","href":"https:\/\/api.w.org\/{rel}","templated":true}]}}