{"id":21239,"date":"2021-10-05T19:46:10","date_gmt":"2021-10-05T22:46:10","guid":{"rendered":"https:\/\/blogs.correiobraziliense.com.br\/vicente\/?p=21239"},"modified":"2021-10-05T21:52:40","modified_gmt":"2021-10-06T00:52:40","slug":"luiza-trajano-tem-4-das-intencoes-de-votos-empatada-tecnicamente-com-moro-e-doria","status":"publish","type":"post","link":"https:\/\/blogs.correiobraziliense.com.br\/vicente\/luiza-trajano-tem-4-das-intencoes-de-votos-empatada-tecnicamente-com-moro-e-doria\/","title":{"rendered":"Luiza Trajano tem 4% das inten\u00e7\u00f5es de votos, empatada tecnicamente com Moro e Doria"},"content":{"rendered":"<h2>A empres\u00e1ria Luiza Trajano, dona da Magalu, \u00e9 a grande surpresa da mais recente pesquisa de inten\u00e7\u00f5es de votos para a Presid\u00eancia da Rep\u00fablica, realizada pela Genial Investimentos em parceria com a Quaest Consultoria. No cen\u00e1rio em que o nome dela \u00e9 apresentado aos entrevistados, tem 4% da prefer\u00eancia.<\/h2>\n<p>&nbsp;<\/p>\n<p>Tecnicamente, Luiza est\u00e1 empatada com o governador de S\u00e3o Paulo, Jo\u00e3o Doria, o ex-juiz Sergio Moro e o ex-ministro da Sa\u00fade Luiz Henrique Mandetta, todos com 6% da cita\u00e7\u00f5es.<\/p>\n<p>&nbsp;<\/p>\n<p>A empres\u00e1ria tamb\u00e9m est\u00e1 tecnicamente empatada com o presidente do Senado, Rodrigo Pacheco, que aparece com 3% dos votos, e com o senador Alessandro Vieira, citado por 2% dos entrevistados<\/p>\n<p>&nbsp;<\/p>\n<p>Luiza Trajano tem reiterado, com frequ\u00eancia, que n\u00e3o \u00e9 candidata a nada. <a href=\"https:\/\/blogs.correiobraziliense.com.br\/vicente\/lula-tem-44-a-46-do-votos-e-bolsonaro-de-26-a-27\/\">Lula lidera em todos os cen\u00e1rios<\/a>.<\/p>\n<p>&nbsp;<\/p>\n<p><em>Bras\u00edlia, 19h46min<\/em><\/p>\n","protected":false},"excerpt":{"rendered":"<p>A empres\u00e1ria Luiza Trajano, dona da Magalu, \u00e9 a grande surpresa da mais recente pesquisa de inten\u00e7\u00f5es de votos para a Presid\u00eancia da Rep\u00fablica, realizada pela Genial Investimentos em parceria com a Quaest Consultoria. No cen\u00e1rio em que o nome dela \u00e9 apresentado aos entrevistados, tem 4% da prefer\u00eancia. &nbsp; Tecnicamente, Luiza est\u00e1 empatada com [&hellip;]<\/p>\n","protected":false},"author":22,"featured_media":21240,"comment_status":"open","ping_status":"closed","sticky":false,"template":"","format":"standard","meta":{"footnotes":""},"categories":[600],"tags":[589,5816,5815,2526,2787],"class_list":["post-21239","post","type-post","status-publish","format-standard","has-post-thumbnail","hentry","category-economia","tag-economia","tag-empatada-tecnicamente-com-moro-e-doria","tag-luiza-trajano-tem-4-das-intencoes-de-votos","tag-poder","tag-politica"],"_links":{"self":[{"href":"https:\/\/blogs.correiobraziliense.com.br\/vicente\/wp-json\/wp\/v2\/posts\/21239","targetHints":{"allow":["GET"]}}],"collection":[{"href":"https:\/\/blogs.correiobraziliense.com.br\/vicente\/wp-json\/wp\/v2\/posts"}],"about":[{"href":"https:\/\/blogs.correiobraziliense.com.br\/vicente\/wp-json\/wp\/v2\/types\/post"}],"author":[{"embeddable":true,"href":"https:\/\/blogs.correiobraziliense.com.br\/vicente\/wp-json\/wp\/v2\/users\/22"}],"replies":[{"embeddable":true,"href":"https:\/\/blogs.correiobraziliense.com.br\/vicente\/wp-json\/wp\/v2\/comments?post=21239"}],"version-history":[{"count":2,"href":"https:\/\/blogs.correiobraziliense.com.br\/vicente\/wp-json\/wp\/v2\/posts\/21239\/revisions"}],"predecessor-version":[{"id":21242,"href":"https:\/\/blogs.correiobraziliense.com.br\/vicente\/wp-json\/wp\/v2\/posts\/21239\/revisions\/21242"}],"wp:featuredmedia":[{"embeddable":true,"href":"https:\/\/blogs.correiobraziliense.com.br\/vicente\/wp-json\/wp\/v2\/media\/21240"}],"wp:attachment":[{"href":"https:\/\/blogs.correiobraziliense.com.br\/vicente\/wp-json\/wp\/v2\/media?parent=21239"}],"wp:term":[{"taxonomy":"category","embeddable":true,"href":"https:\/\/blogs.correiobraziliense.com.br\/vicente\/wp-json\/wp\/v2\/categories?post=21239"},{"taxonomy":"post_tag","embeddable":true,"href":"https:\/\/blogs.correiobraziliense.com.br\/vicente\/wp-json\/wp\/v2\/tags?post=21239"}],"curies":[{"name":"wp","href":"https:\/\/api.w.org\/{rel}","templated":true}]}}