{"id":21223,"date":"2021-10-03T20:53:54","date_gmt":"2021-10-03T23:53:54","guid":{"rendered":"https:\/\/blogs.correiobraziliense.com.br\/vicente\/?p=21223"},"modified":"2021-10-03T23:17:00","modified_gmt":"2021-10-04T02:17:00","slug":"patrimonio-de-guedes-e-de-campos-neto-em-paraisos-fiscais-aumentou-383","status":"publish","type":"post","link":"https:\/\/blogs.correiobraziliense.com.br\/vicente\/patrimonio-de-guedes-e-de-campos-neto-em-paraisos-fiscais-aumentou-383\/","title":{"rendered":"Patrim\u00f4nio de Guedes e de Campos Neto em para\u00edsos fiscais aumentou 38,3%"},"content":{"rendered":"<h2>Conhecedores dos meandros do mercado financeiro e dos mecanismos para fugir das garras da Receita Federal, o ministro da Economia, Paulo Guedes, e o presidente do Banco Central, n\u00e3o t\u00eam dos que reclamar.<\/h2>\n<p>&nbsp;<\/p>\n<p>Mesmo com todas as turbul\u00eancias pol\u00edticas no pa\u00eds, com o crescimento p\u00edfio da economia e a infla\u00e7\u00e3o dando uma sova no or\u00e7amento das fam\u00edlias, Guedes e Campos Neto viram o patrim\u00f4nio que eles t\u00eam depositados em para\u00edsos fiscais aumentar 38,3% desde que assumiram seus cargos no governo de Jair Bolsonaro.<\/p>\n<p>&nbsp;<\/p>\n<p>No \u00faltimo dia do governo de Michel Temer, 31 de dezembro de 2018, o d\u00f3lar estava cotado a R$ 3,881. Na \u00faltima sexta-feira (1\u00ba de outubro), a moeda norte-americana valia R$ 5,368. Portanto, quanto mais o d\u00f3lar sobe, mais ricos ficam Guedes e Campos Neto, cujas contas em para\u00edsos fiscais foram reveladas por um cons\u00f3rcio internacional de jornalistas.<\/p>\n<p>&nbsp;<\/p>\n<p>No mesmo per\u00edodo, a renda do trabalhador teve perda real de 18,29%. Em 31 de dezembro de 2018, o sal\u00e1rio m\u00e9dio dos brasileiros era de R$ 2.254, segundo o Instituto Brasileiro de Geografia e Estat\u00edstica (IBGE). Quando descontada a infla\u00e7\u00e3o (para 2021, o c\u00e1lculo inclui a proje\u00e7\u00e3o de 8,5% do Banco Central, o rendimento m\u00e9dio fica em R$ 1.905.<\/p>\n<p>&nbsp;<\/p>\n<p>N\u00e3o \u00e0 toa, Paulo Guedes diz, em alto e bom som, que um d\u00f3lar acima de R$ 5 \u00e9 bom. Certamente, est\u00e1 falando em benef\u00edcio pr\u00f3prio, pois, para os brasileiros comuns, quanto mais a moeda norte-americana sobe, pior. O d\u00f3lar encarece dos combust\u00edveis a medicamentos.<\/p>\n<p>&nbsp;<\/p>\n<p><em>Bras\u00edlia, 20h53min<\/em><\/p>\n","protected":false},"excerpt":{"rendered":"<p>Conhecedores dos meandros do mercado financeiro e dos mecanismos para fugir das garras da Receita Federal, o ministro da Economia, Paulo Guedes, e o presidente do Banco Central, n\u00e3o t\u00eam dos que reclamar. &nbsp; Mesmo com todas as turbul\u00eancias pol\u00edticas no pa\u00eds, com o crescimento p\u00edfio da economia e a infla\u00e7\u00e3o dando uma sova no [&hellip;]<\/p>\n","protected":false},"author":22,"featured_media":12303,"comment_status":"open","ping_status":"closed","sticky":false,"template":"","format":"standard","meta":{"footnotes":""},"categories":[600],"tags":[827,589,4943,5807,2787],"class_list":["post-21223","post","type-post","status-publish","format-standard","has-post-thumbnail","hentry","category-economia","tag-827","tag-economia","tag-financas","tag-patrimonio-de-guedes-e-de-campos-neto-em-paraisos-fiscais-aumentou-38","tag-politica"],"_links":{"self":[{"href":"https:\/\/blogs.correiobraziliense.com.br\/vicente\/wp-json\/wp\/v2\/posts\/21223","targetHints":{"allow":["GET"]}}],"collection":[{"href":"https:\/\/blogs.correiobraziliense.com.br\/vicente\/wp-json\/wp\/v2\/posts"}],"about":[{"href":"https:\/\/blogs.correiobraziliense.com.br\/vicente\/wp-json\/wp\/v2\/types\/post"}],"author":[{"embeddable":true,"href":"https:\/\/blogs.correiobraziliense.com.br\/vicente\/wp-json\/wp\/v2\/users\/22"}],"replies":[{"embeddable":true,"href":"https:\/\/blogs.correiobraziliense.com.br\/vicente\/wp-json\/wp\/v2\/comments?post=21223"}],"version-history":[{"count":2,"href":"https:\/\/blogs.correiobraziliense.com.br\/vicente\/wp-json\/wp\/v2\/posts\/21223\/revisions"}],"predecessor-version":[{"id":21225,"href":"https:\/\/blogs.correiobraziliense.com.br\/vicente\/wp-json\/wp\/v2\/posts\/21223\/revisions\/21225"}],"wp:featuredmedia":[{"embeddable":true,"href":"https:\/\/blogs.correiobraziliense.com.br\/vicente\/wp-json\/wp\/v2\/media\/12303"}],"wp:attachment":[{"href":"https:\/\/blogs.correiobraziliense.com.br\/vicente\/wp-json\/wp\/v2\/media?parent=21223"}],"wp:term":[{"taxonomy":"category","embeddable":true,"href":"https:\/\/blogs.correiobraziliense.com.br\/vicente\/wp-json\/wp\/v2\/categories?post=21223"},{"taxonomy":"post_tag","embeddable":true,"href":"https:\/\/blogs.correiobraziliense.com.br\/vicente\/wp-json\/wp\/v2\/tags?post=21223"}],"curies":[{"name":"wp","href":"https:\/\/api.w.org\/{rel}","templated":true}]}}