{"id":21221,"date":"2021-09-30T21:01:34","date_gmt":"2021-10-01T00:01:34","guid":{"rendered":"https:\/\/blogs.correiobraziliense.com.br\/vicente\/?p=21221"},"modified":"2021-09-30T21:32:17","modified_gmt":"2021-10-01T00:32:17","slug":"em-2022-vamos-ver-ate-que-ponto-roberto-campos-neto-e-bolsominion","status":"publish","type":"post","link":"https:\/\/blogs.correiobraziliense.com.br\/vicente\/em-2022-vamos-ver-ate-que-ponto-roberto-campos-neto-e-bolsominion\/","title":{"rendered":"&#8220;Em 2022, vamos ver at\u00e9 que ponto Roberto Campos Neto \u00e9 bolsominion&#8221;"},"content":{"rendered":"<h2>O presidente do Banco Central, Roberto Campos Neto, sempre foi visto com bons olhos pelo mercado financeiro. Mas, de uns meses para c\u00e1, a desconfian\u00e7a em rela\u00e7\u00e3o a ele come\u00e7ou a dar as caras, diante do que os operadores consideram &#8220;pol\u00edtica err\u00e1tica dos juros&#8221;.<\/h2>\n<p>&nbsp;<\/p>\n<p>Para analistas, o BC tem errado demais nas previs\u00f5es de infla\u00e7\u00e3o e isso tem feito com que o Comit\u00ea de Pol\u00edtica Monet\u00e1ria (Copom) esteja atrasado no aumento da taxa b\u00e1sica de juros juros (Selic) para conter a infla\u00e7\u00e3o, que encosta nos 10%, o que alimenta a onda de incerteza que tem feito estragos na economia.<\/p>\n<p>&nbsp;<\/p>\n<p>Um grupo de especialistas acredita que o BC deveria ter sido mais agressivo nas \u00faltimas eleva\u00e7\u00f5es da Selic, que est\u00e1 em 6,25% ao ano, para conter, sobretudo, as estimativas de infla\u00e7\u00e3o de 2022 e 2023. Para este ano, o BC j\u00e1 jogou a toalha e espera alta de 8,5% no \u00cdndice de Pre\u00e7os ao Consumidor Amplo (IPCA).<\/p>\n<p>&nbsp;<\/p>\n<p>Campos Neto tem dito, de forma recorrente, que o BC levar\u00e1 os juros at\u00e9 onde for necess\u00e1rio para colocar a infla\u00e7\u00e3o na meta, de 3,5%, no que vem. Mas, segundo operadores, isso exigir\u00e1 uma Selic pr\u00f3xima de 10% ano. O que eles se perguntam \u00e9 se o presidente da autoridade monet\u00e1ria ter\u00e1 coragem de ir t\u00e3o longe sendo 2022 um ano eleitoral.<\/p>\n<p>&nbsp;<\/p>\n<p>Juros de 10% ao ano jogar\u00e3o a economia bem pr\u00f3xima da estagna\u00e7\u00e3o ou mesmo na recess\u00e3o e, mesmo assim, n\u00e3o h\u00e1 garantias de que a infla\u00e7\u00e3o ficar\u00e1 na meta. Um quadro preocupante para o presidente Jair Bolsonaro, que tentar\u00e1 a reelei\u00e7\u00e3o.<\/p>\n<p>&nbsp;<\/p>\n<p>Para alguns analistas, pelo Relat\u00f3rio Trimestral de Infla\u00e7\u00e3o divulgado nesta quinta-feira (30\/09), ficou a percep\u00e7\u00e3o de que o presidente do BC est\u00e1 disposto a ir com os juros at\u00e9 8,5% ao ano, com todos os aumentos sendo feitos ainda neste ano.<\/p>\n<p>&nbsp;<\/p>\n<p>Se a infla\u00e7\u00e3o realmente cair, haveria, no entender desses especialistas, a possibilidade de, mais pr\u00f3ximo das elei\u00e7\u00f5es, o BC cortar a Selic para agradar Bolsonaro. Esse pensamento est\u00e1 cada vez mais presente no mercado. Portanto, diz um operador, &#8220;em 2022, vamos ver at\u00e9 que ponto Roberto Campos Neto \u00e9 bolsominion&#8221;.<\/p>\n<p>&nbsp;<\/p>\n<p><em>Bras\u00edlia, 21h01min<\/em><\/p>\n","protected":false},"excerpt":{"rendered":"<p>O presidente do Banco Central, Roberto Campos Neto, sempre foi visto com bons olhos pelo mercado financeiro. Mas, de uns meses para c\u00e1, a desconfian\u00e7a em rela\u00e7\u00e3o a ele come\u00e7ou a dar as caras, diante do que os operadores consideram &#8220;pol\u00edtica err\u00e1tica dos juros&#8221;. &nbsp; Para analistas, o BC tem errado demais nas previs\u00f5es de [&hellip;]<\/p>\n","protected":false},"author":22,"featured_media":19653,"comment_status":"open","ping_status":"closed","sticky":false,"template":"","format":"standard","meta":{"footnotes":""},"categories":[600],"tags":[5805,589,4943,2787,5806],"class_list":["post-21221","post","type-post","status-publish","format-standard","has-post-thumbnail","hentry","category-economia","tag-em-2022","tag-economia","tag-financas","tag-politica","tag-vamos-ver-ate-que-ponto-roberto-campos-neto-e-bolsominion"],"_links":{"self":[{"href":"https:\/\/blogs.correiobraziliense.com.br\/vicente\/wp-json\/wp\/v2\/posts\/21221","targetHints":{"allow":["GET"]}}],"collection":[{"href":"https:\/\/blogs.correiobraziliense.com.br\/vicente\/wp-json\/wp\/v2\/posts"}],"about":[{"href":"https:\/\/blogs.correiobraziliense.com.br\/vicente\/wp-json\/wp\/v2\/types\/post"}],"author":[{"embeddable":true,"href":"https:\/\/blogs.correiobraziliense.com.br\/vicente\/wp-json\/wp\/v2\/users\/22"}],"replies":[{"embeddable":true,"href":"https:\/\/blogs.correiobraziliense.com.br\/vicente\/wp-json\/wp\/v2\/comments?post=21221"}],"version-history":[{"count":1,"href":"https:\/\/blogs.correiobraziliense.com.br\/vicente\/wp-json\/wp\/v2\/posts\/21221\/revisions"}],"predecessor-version":[{"id":21222,"href":"https:\/\/blogs.correiobraziliense.com.br\/vicente\/wp-json\/wp\/v2\/posts\/21221\/revisions\/21222"}],"wp:featuredmedia":[{"embeddable":true,"href":"https:\/\/blogs.correiobraziliense.com.br\/vicente\/wp-json\/wp\/v2\/media\/19653"}],"wp:attachment":[{"href":"https:\/\/blogs.correiobraziliense.com.br\/vicente\/wp-json\/wp\/v2\/media?parent=21221"}],"wp:term":[{"taxonomy":"category","embeddable":true,"href":"https:\/\/blogs.correiobraziliense.com.br\/vicente\/wp-json\/wp\/v2\/categories?post=21221"},{"taxonomy":"post_tag","embeddable":true,"href":"https:\/\/blogs.correiobraziliense.com.br\/vicente\/wp-json\/wp\/v2\/tags?post=21221"}],"curies":[{"name":"wp","href":"https:\/\/api.w.org\/{rel}","templated":true}]}}