{"id":21213,"date":"2021-09-30T10:51:20","date_gmt":"2021-09-30T13:51:20","guid":{"rendered":"https:\/\/blogs.correiobraziliense.com.br\/vicente\/?p=21213"},"modified":"2021-09-30T11:05:57","modified_gmt":"2021-09-30T14:05:57","slug":"corra-que-tem-promocao-gasolina-a-r-6149-o-litro","status":"publish","type":"post","link":"https:\/\/blogs.correiobraziliense.com.br\/vicente\/corra-que-tem-promocao-gasolina-a-r-6149-o-litro\/","title":{"rendered":"Corra, que tem promo\u00e7\u00e3o: gasolina a R$ 6,149 o litro"},"content":{"rendered":"<h2>A Petrobras j\u00e1 avisou: novos aumentos dos pre\u00e7os dos combust\u00edveis est\u00e3o a caminho. Portanto, se estiver precisando encher o tanque de seu carro, corra: alguns postos est\u00e3o com promo\u00e7\u00f5es. Tem gasolina a R$ 6,149 o litro.<\/h2>\n<p>&nbsp;<\/p>\n<p>Como o consumo registrou uma queda nos \u00faltimos dias, os postos decidiram por atrair os consumidores com pequenas \u2014 mas importantes \u2014 redu\u00e7\u00f5es nos pre\u00e7os das bombas. No Setor de Ind\u00fastrias e Abastecimento (SIA), houve diminui\u00e7\u00e3o m\u00e9dia de R$ 0,30 por litro.<\/p>\n<p>&nbsp;<\/p>\n<p>Em \u00c1guas Claras, os tr\u00eas postos que ficam \u00e0s margens da EPTG, a via mais movimentada no Distrito Federal, reduziram os pre\u00e7os da gasolina de R$ 6,399 para R$ 6,339. \u00c9 pouco, mas, segundo especialistas, toda economia \u00e9 muito bem-vinda.<\/p>\n<p>&nbsp;<\/p>\n<p>Tamb\u00e9m \u00e0s margens da EPTG, mas na altura do Guar\u00e1, a gasolina est\u00e1 sendo ofertada a R$ 6,259 por litro. Portanto, d\u00e1 para aproveitar esses pre\u00e7os ligeiramente mais baixos. Os postos avisam que as tabelas podem mudar a qualquer momento.<\/p>\n<p>&nbsp;<\/p>\n<p>Segundo a Petrobras, os pre\u00e7os dos combust\u00edveis nas refinarias est\u00e3o defasados, diante da disparada do d\u00f3lar e das cota\u00e7\u00f5es do petr\u00f3leo no mercado internacional. O litro do \u00f3leo est\u00e1 pr\u00f3ximo de US$ 80, o n\u00edvel mais alto em tr\u00eas anos.<\/p>\n<p>&nbsp;<\/p>\n<p>A estatal j\u00e1 se antecipou e elevou, nesta semana, os pre\u00e7os do diesel. A gritaria no governo e no Congresso contra a empresa \u00e9 grande, mas, segundo o comando da petroleira, nada mudar\u00e1 em sua pol\u00edtica de pre\u00e7os.<\/p>\n<p>&nbsp;<\/p>\n<p><em>Bras\u00edlia, 10h51min<\/em><\/p>\n","protected":false},"excerpt":{"rendered":"<p>A Petrobras j\u00e1 avisou: novos aumentos dos pre\u00e7os dos combust\u00edveis est\u00e3o a caminho. Portanto, se estiver precisando encher o tanque de seu carro, corra: alguns postos est\u00e3o com promo\u00e7\u00f5es. Tem gasolina a R$ 6,149 o litro. &nbsp; Como o consumo registrou uma queda nos \u00faltimos dias, os postos decidiram por atrair os consumidores com pequenas [&hellip;]<\/p>\n","protected":false},"author":22,"featured_media":12528,"comment_status":"open","ping_status":"closed","sticky":false,"template":"","format":"standard","meta":{"footnotes":""},"categories":[600],"tags":[5801,5799,589,4943,4547,5800],"class_list":["post-21213","post","type-post","status-publish","format-standard","has-post-thumbnail","hentry","category-economia","tag-149-o-litro","tag-corra","tag-economia","tag-financas","tag-negocios","tag-que-tem-promocao-gasolina-a-r-6"],"_links":{"self":[{"href":"https:\/\/blogs.correiobraziliense.com.br\/vicente\/wp-json\/wp\/v2\/posts\/21213","targetHints":{"allow":["GET"]}}],"collection":[{"href":"https:\/\/blogs.correiobraziliense.com.br\/vicente\/wp-json\/wp\/v2\/posts"}],"about":[{"href":"https:\/\/blogs.correiobraziliense.com.br\/vicente\/wp-json\/wp\/v2\/types\/post"}],"author":[{"embeddable":true,"href":"https:\/\/blogs.correiobraziliense.com.br\/vicente\/wp-json\/wp\/v2\/users\/22"}],"replies":[{"embeddable":true,"href":"https:\/\/blogs.correiobraziliense.com.br\/vicente\/wp-json\/wp\/v2\/comments?post=21213"}],"version-history":[{"count":1,"href":"https:\/\/blogs.correiobraziliense.com.br\/vicente\/wp-json\/wp\/v2\/posts\/21213\/revisions"}],"predecessor-version":[{"id":21214,"href":"https:\/\/blogs.correiobraziliense.com.br\/vicente\/wp-json\/wp\/v2\/posts\/21213\/revisions\/21214"}],"wp:featuredmedia":[{"embeddable":true,"href":"https:\/\/blogs.correiobraziliense.com.br\/vicente\/wp-json\/wp\/v2\/media\/12528"}],"wp:attachment":[{"href":"https:\/\/blogs.correiobraziliense.com.br\/vicente\/wp-json\/wp\/v2\/media?parent=21213"}],"wp:term":[{"taxonomy":"category","embeddable":true,"href":"https:\/\/blogs.correiobraziliense.com.br\/vicente\/wp-json\/wp\/v2\/categories?post=21213"},{"taxonomy":"post_tag","embeddable":true,"href":"https:\/\/blogs.correiobraziliense.com.br\/vicente\/wp-json\/wp\/v2\/tags?post=21213"}],"curies":[{"name":"wp","href":"https:\/\/api.w.org\/{rel}","templated":true}]}}