{"id":21192,"date":"2021-09-22T15:10:49","date_gmt":"2021-09-22T18:10:49","guid":{"rendered":"https:\/\/blogs.correiobraziliense.com.br\/vicente\/?p=21192"},"modified":"2021-09-22T16:46:28","modified_gmt":"2021-09-22T19:46:28","slug":"o-brasil-real-que-jair-bolsonaro-tera-de-encarar","status":"publish","type":"post","link":"https:\/\/blogs.correiobraziliense.com.br\/vicente\/o-brasil-real-que-jair-bolsonaro-tera-de-encarar\/","title":{"rendered":"O Brasil real que Jair Bolsonaro ter\u00e1 de encarar"},"content":{"rendered":"<h2>Depois de apresentar um mundo paralelo na Assembleia-Geral da Organiza\u00e7\u00e3o das Na\u00e7\u00f5es Unidas (ONU), o presidente Jair Bolsonaro ter\u00e1 de encarar o Brasil real, que, em nenhum momento, foi citado no discurso de ter\u00e7a-feira (21\/09) a chefes de Estado.<\/h2>\n<p>&nbsp;<\/p>\n<p>O primeiro choque de realidade veio da Ag\u00eancia Nacional de Vigil\u00e2ncia Sanit\u00e1ria (Anvisa), que recomendou a todos os integrantes da comitiva que foi \u00e0 ONU que fiquem de quarentena, pois tiveram contato direto com o ministro da Sa\u00fade, Marcelo Queiroga, diagnosticado, em Nova York, com covid-19.<\/p>\n<p>&nbsp;<\/p>\n<p>A contra-gosto, Bolsonaro foi obrigado a cancelar sua agenda de hoje e uma viagem que faria, na sexta-feira (24\/09), ao Paran\u00e1. O presidente relutou, mas integrantes de sua equipe o convenceram a n\u00e3o desrespeitar uma orienta\u00e7\u00e3o da Anvisa, at\u00e9 para n\u00e3o minar a credibilidade da ag\u00eancia.<\/p>\n<p>&nbsp;<\/p>\n<p>Nesta mesma quarta-feira, \u00e0s 18h30, Bolsonaro ter\u00e1 de engolir mais um aumento da taxa b\u00e1sica de juros (Selic) pelo Banco Central. Se cumprir o que prometeu, o Comit\u00ea de Pol\u00edtica Monet\u00e1ria (Copom) elevar\u00e1 a taxa Selic em 1 ponto percentual, de 5,25% para 6,25% ao ano.<\/p>\n<p>&nbsp;<\/p>\n<p><strong>Juros mais altos do que os entregues por Temer<\/strong><\/p>\n<p>&nbsp;<\/p>\n<p>Ao que tudo indica, o BC ter\u00e1 que continuar aumentando os juros at\u00e9 o primeiro trimestre de 2022 se quiser conter a infla\u00e7\u00e3o, que est\u00e1 em disparada e, em 12 meses, j\u00e1 encosta em 10%. Isso significa dizer que, daqui a 45 dias, quando o Copom voltar\u00e1 a se reunir, os juros j\u00e1 estar\u00e3o acima dos 6,5% anuais entregues por Michel Temer a Bolsonaro na transfer\u00eancia de governo.<\/p>\n<p>&nbsp;<\/p>\n<p>A infla\u00e7\u00e3o, que est\u00e1 destruindo o poder de compra da popula\u00e7\u00e3o, sobretudo a mais pobre, est\u00e1 sendo puxada, entre outros fatores, pela alta do d\u00f3lar. A moeda norte-americana tornou-se ref\u00fagio para os investidores, assustados com a crise pol\u00edtica provocada pelo presidente da Rep\u00fablica.<\/p>\n<p>&nbsp;<\/p>\n<p>Com os juros mais altos, a infla\u00e7\u00e3o alta, o d\u00f3lar proibitivo e a crise pol\u00edtica em alto grau, o crescimento econ\u00f4mico est\u00e1 perdendo for\u00e7a e a perspectiva de muitos economistas \u00e9 de que o Produto Interno Bruto (PIB) cres\u00e7a abaixo de 1% em 2022, quando Bolsonaro dever\u00e1 tentar a reelei\u00e7\u00e3o.<\/p>\n<p>&nbsp;<\/p>\n<p>Tudo isso, com a pandemia do novo coronav\u00edrus matando, em m\u00e9dia, 500 brasileiros por dia \u2014 nos pr\u00f3ximos dias, o pa\u00eds alcan\u00e7ar\u00e1 a tr\u00e1gica marca de 600 mil mortos pela covid \u2014, com a Amaz\u00f4nia sendo desmatada a uma velocidade assustadora, o Pantanal pegando fogo e as terras ind\u00edgenas, invadidas por garimpeiros ilegais.<\/p>\n<p>&nbsp;<\/p>\n<p>O Brasil real, do qual Bolsonaro quis fugir em discurso na ONU, est\u00e1 escancarado e numa situa\u00e7\u00e3o terr\u00edvel. Por\u00e9m, n\u00e3o h\u00e1 como fugir dele, mesmo que se insista em criar um mundo paralelo.<\/p>\n<p>&nbsp;<\/p>\n<p><em>Bras\u00edlia, 15h10min<\/em><\/p>\n","protected":false},"excerpt":{"rendered":"<p>Depois de apresentar um mundo paralelo na Assembleia-Geral da Organiza\u00e7\u00e3o das Na\u00e7\u00f5es Unidas (ONU), o presidente Jair Bolsonaro ter\u00e1 de encarar o Brasil real, que, em nenhum momento, foi citado no discurso de ter\u00e7a-feira (21\/09) a chefes de Estado. &nbsp; O primeiro choque de realidade veio da Ag\u00eancia Nacional de Vigil\u00e2ncia Sanit\u00e1ria (Anvisa), que recomendou [&hellip;]<\/p>\n","protected":false},"author":22,"featured_media":13776,"comment_status":"open","ping_status":"closed","sticky":false,"template":"","format":"standard","meta":{"footnotes":""},"categories":[600],"tags":[5792,5791,2787],"class_list":["post-21192","post","type-post","status-publish","format-standard","has-post-thumbnail","hentry","category-economia","tag-o-brasil-real-que-jair-bolsonaro-tera-de-encarar","tag-poder-saude","tag-politica"],"_links":{"self":[{"href":"https:\/\/blogs.correiobraziliense.com.br\/vicente\/wp-json\/wp\/v2\/posts\/21192","targetHints":{"allow":["GET"]}}],"collection":[{"href":"https:\/\/blogs.correiobraziliense.com.br\/vicente\/wp-json\/wp\/v2\/posts"}],"about":[{"href":"https:\/\/blogs.correiobraziliense.com.br\/vicente\/wp-json\/wp\/v2\/types\/post"}],"author":[{"embeddable":true,"href":"https:\/\/blogs.correiobraziliense.com.br\/vicente\/wp-json\/wp\/v2\/users\/22"}],"replies":[{"embeddable":true,"href":"https:\/\/blogs.correiobraziliense.com.br\/vicente\/wp-json\/wp\/v2\/comments?post=21192"}],"version-history":[{"count":1,"href":"https:\/\/blogs.correiobraziliense.com.br\/vicente\/wp-json\/wp\/v2\/posts\/21192\/revisions"}],"predecessor-version":[{"id":21193,"href":"https:\/\/blogs.correiobraziliense.com.br\/vicente\/wp-json\/wp\/v2\/posts\/21192\/revisions\/21193"}],"wp:featuredmedia":[{"embeddable":true,"href":"https:\/\/blogs.correiobraziliense.com.br\/vicente\/wp-json\/wp\/v2\/media\/13776"}],"wp:attachment":[{"href":"https:\/\/blogs.correiobraziliense.com.br\/vicente\/wp-json\/wp\/v2\/media?parent=21192"}],"wp:term":[{"taxonomy":"category","embeddable":true,"href":"https:\/\/blogs.correiobraziliense.com.br\/vicente\/wp-json\/wp\/v2\/categories?post=21192"},{"taxonomy":"post_tag","embeddable":true,"href":"https:\/\/blogs.correiobraziliense.com.br\/vicente\/wp-json\/wp\/v2\/tags?post=21192"}],"curies":[{"name":"wp","href":"https:\/\/api.w.org\/{rel}","templated":true}]}}