{"id":21078,"date":"2021-09-09T15:34:00","date_gmt":"2021-09-09T18:34:00","guid":{"rendered":"https:\/\/blogs.correiobraziliense.com.br\/vicente\/?p=21078"},"modified":"2021-09-09T19:57:34","modified_gmt":"2021-09-09T22:57:34","slug":"inflacao-em-brasilia-no-mes-de-agosto-e-a-maior-do-pais","status":"publish","type":"post","link":"https:\/\/blogs.correiobraziliense.com.br\/vicente\/inflacao-em-brasilia-no-mes-de-agosto-e-a-maior-do-pais\/","title":{"rendered":"Infla\u00e7\u00e3o em Bras\u00edlia no m\u00eas de agosto \u00e9 a maior do pa\u00eds"},"content":{"rendered":"<h2>ROSANA HESSEL<\/h2>\n<h2><\/h2>\n<h2>Enquanto a infla\u00e7\u00e3o oficial medida pelo \u00cdndice de Pre\u00e7os ao Consumidor Amplo (IPCA) avan\u00e7ou 0,87% no Brasil no m\u00eas de agosto em rela\u00e7\u00e3o a julho, em Bras\u00edlia, a carestia ficou bem acima da m\u00e9dia nacional. Subiu 1,40%, puxada pelo aumento dos pre\u00e7os na gasolina. Essa taxa foi a maior entre as 16 capitais pesquisadas pelo Instituto Brasileiro de Geografia e Estat\u00edstica (IBGE).<\/h2>\n<p>&nbsp;<\/p>\n<p>Conforme os dados do \u00f3rg\u00e3o ligado ao Minist\u00e9rio da Economia, os maiores vil\u00f5es para a forte alta do IPCA em Bras\u00edlia foram os combust\u00edveis e a energia el\u00e9trica. A gasolina e o etanol tiveram as maiores varia\u00e7\u00f5es no m\u00eas de agosto, saltando 7,76% e 7,09%, respectivamente, na capital federal. A energia el\u00e9trica registrou alta de 3,67% na cidade sede do governo nacional.<\/p>\n<p>&nbsp;<\/p>\n<p>Enquanto isso, a menor varia\u00e7\u00e3o entre os munic\u00edpios pesquisados ficou com a regi\u00e3o metropolitana de Belo Horizonte, onde o IPCA subiu 0,43%. Segundo o IBGE, esse dado ocorreu por conta da queda nos pre\u00e7os das passagens a\u00e9reas, (-20,05%) e da taxa de \u00e1gua e esgoto (-13,73%).<\/p>\n<p>&nbsp;<\/p>\n<p>No acumulado do ano, o IPCA em Bras\u00edlia registrou eleva\u00e7\u00e3o de 5,56% e, em 12 meses at\u00e9 o m\u00eas passado, o salto foi de 8,61%. Esse percentual, no entanto, ficou abaixo das sete capitais que registraram alta de dois d\u00edgitos na infla\u00e7\u00e3o acumulada em 12 meses at\u00e9 agosto. S\u00e3o elas: Vit\u00f3ria (11,07%), Curitiba (12,08%), Campo Grande (11,26%), S\u00e3o Lu\u00eds (11,25%), Porto Alegre (10,42%), Rio Branco (11,97%) e Fortaleza (11,20%).<\/p>\n<p>&nbsp;<\/p>\n","protected":false},"excerpt":{"rendered":"<p>ROSANA HESSEL Enquanto a infla\u00e7\u00e3o oficial medida pelo \u00cdndice de Pre\u00e7os ao Consumidor Amplo (IPCA) avan\u00e7ou 0,87% no Brasil no m\u00eas de agosto em rela\u00e7\u00e3o a julho, em Bras\u00edlia, a carestia ficou bem acima da m\u00e9dia nacional. Subiu 1,40%, puxada pelo aumento dos pre\u00e7os na gasolina. Essa taxa foi a maior entre as 16 capitais [&hellip;]<\/p>\n","protected":false},"author":22,"featured_media":21081,"comment_status":"open","ping_status":"closed","sticky":false,"template":"","format":"standard","meta":{"footnotes":""},"categories":[600],"tags":[926,391,14,1213],"class_list":["post-21078","post","type-post","status-publish","format-standard","has-post-thumbnail","hentry","category-economia","tag-brasilia","tag-ibge","tag-inflacao","tag-ipca"],"_links":{"self":[{"href":"https:\/\/blogs.correiobraziliense.com.br\/vicente\/wp-json\/wp\/v2\/posts\/21078","targetHints":{"allow":["GET"]}}],"collection":[{"href":"https:\/\/blogs.correiobraziliense.com.br\/vicente\/wp-json\/wp\/v2\/posts"}],"about":[{"href":"https:\/\/blogs.correiobraziliense.com.br\/vicente\/wp-json\/wp\/v2\/types\/post"}],"author":[{"embeddable":true,"href":"https:\/\/blogs.correiobraziliense.com.br\/vicente\/wp-json\/wp\/v2\/users\/22"}],"replies":[{"embeddable":true,"href":"https:\/\/blogs.correiobraziliense.com.br\/vicente\/wp-json\/wp\/v2\/comments?post=21078"}],"version-history":[{"count":7,"href":"https:\/\/blogs.correiobraziliense.com.br\/vicente\/wp-json\/wp\/v2\/posts\/21078\/revisions"}],"predecessor-version":[{"id":21092,"href":"https:\/\/blogs.correiobraziliense.com.br\/vicente\/wp-json\/wp\/v2\/posts\/21078\/revisions\/21092"}],"wp:featuredmedia":[{"embeddable":true,"href":"https:\/\/blogs.correiobraziliense.com.br\/vicente\/wp-json\/wp\/v2\/media\/21081"}],"wp:attachment":[{"href":"https:\/\/blogs.correiobraziliense.com.br\/vicente\/wp-json\/wp\/v2\/media?parent=21078"}],"wp:term":[{"taxonomy":"category","embeddable":true,"href":"https:\/\/blogs.correiobraziliense.com.br\/vicente\/wp-json\/wp\/v2\/categories?post=21078"},{"taxonomy":"post_tag","embeddable":true,"href":"https:\/\/blogs.correiobraziliense.com.br\/vicente\/wp-json\/wp\/v2\/tags?post=21078"}],"curies":[{"name":"wp","href":"https:\/\/api.w.org\/{rel}","templated":true}]}}