{"id":21053,"date":"2021-09-08T23:51:21","date_gmt":"2021-09-09T02:51:21","guid":{"rendered":"https:\/\/blogs.correiobraziliense.com.br\/vicente\/?p=21053"},"modified":"2021-09-08T23:54:27","modified_gmt":"2021-09-09T02:54:27","slug":"com-medo-de-desabastecimento-motoristas-correm-aos-postos-de-gasolina","status":"publish","type":"post","link":"https:\/\/blogs.correiobraziliense.com.br\/vicente\/com-medo-de-desabastecimento-motoristas-correm-aos-postos-de-gasolina\/","title":{"rendered":"Com medo de desabastecimento, motoristas correm aos postos de gasolina"},"content":{"rendered":"<h2>Temendo a poss\u00edvel falta de combust\u00edveis no Distrito Federal, por causa da paralisa\u00e7\u00e3o de grupos radicais de caminhoneiros que defendem o presidente Jair Bolsonaro, motoristas est\u00e3o formando filas em postos para abastecer os ve\u00edculos. Em \u00c1guas Claras, as filas est\u00e3o vis\u00edveis, sobretudo, nos postos que margeiam a EPTG, principal via da capital do pa\u00eds.<\/h2>\n<p>&nbsp;<\/p>\n<p>Os motoristas tamb\u00e9m temem que, por causa \u00a0da escassez de combust\u00edveis, os pre\u00e7os subam. Na \u00faltima greve dos caminhoneiros, ainda no governo de Michel Temer, houve enormes transtornos \u00e0 popula\u00e7\u00e3o. No Distrito Federal, os combust\u00edveis v\u00eam por meio de dutos, mas os caminhoneiros bloquearam as sa\u00eddas dos centros de distribui\u00e7\u00e3o.<\/p>\n<p>&nbsp;<\/p>\n<p>A paralisa\u00e7\u00e3o ainda \u00e9 pequena e atinge rodovias de 14 estados. A categoria est\u00e1 dividida. O movimento atual n\u00e3o tem nada a ver com reivindica\u00e7\u00f5es para a melhoria das condi\u00e7\u00f5es de trabalho dos profissionais, como a redu\u00e7\u00e3o dos pre\u00e7os dos combust\u00edveis. O pleito principal \u00e9 o fechamento do Supremo Tribunal Federal (STF), que se tornou o principal alvo de ataques de Bolsonaro. Uma afronta \u00e0 Constitui\u00e7\u00e3o.<\/p>\n","protected":false},"excerpt":{"rendered":"<p>Temendo a poss\u00edvel falta de combust\u00edveis no Distrito Federal, por causa da paralisa\u00e7\u00e3o de grupos radicais de caminhoneiros que defendem o presidente Jair Bolsonaro, motoristas est\u00e3o formando filas em postos para abastecer os ve\u00edculos. Em \u00c1guas Claras, as filas est\u00e3o vis\u00edveis, sobretudo, nos postos que margeiam a EPTG, principal via da capital do pa\u00eds. &nbsp; [&hellip;]<\/p>\n","protected":false},"author":22,"featured_media":21055,"comment_status":"open","ping_status":"closed","sticky":false,"template":"","format":"standard","meta":{"footnotes":""},"categories":[600],"tags":[2554,3390,268,347,192],"class_list":["post-21053","post","type-post","status-publish","format-standard","has-post-thumbnail","hentry","category-economia","tag-bolsonaro","tag-caminhoneiros","tag-gasolina","tag-greve","tag-stf"],"_links":{"self":[{"href":"https:\/\/blogs.correiobraziliense.com.br\/vicente\/wp-json\/wp\/v2\/posts\/21053","targetHints":{"allow":["GET"]}}],"collection":[{"href":"https:\/\/blogs.correiobraziliense.com.br\/vicente\/wp-json\/wp\/v2\/posts"}],"about":[{"href":"https:\/\/blogs.correiobraziliense.com.br\/vicente\/wp-json\/wp\/v2\/types\/post"}],"author":[{"embeddable":true,"href":"https:\/\/blogs.correiobraziliense.com.br\/vicente\/wp-json\/wp\/v2\/users\/22"}],"replies":[{"embeddable":true,"href":"https:\/\/blogs.correiobraziliense.com.br\/vicente\/wp-json\/wp\/v2\/comments?post=21053"}],"version-history":[{"count":2,"href":"https:\/\/blogs.correiobraziliense.com.br\/vicente\/wp-json\/wp\/v2\/posts\/21053\/revisions"}],"predecessor-version":[{"id":21056,"href":"https:\/\/blogs.correiobraziliense.com.br\/vicente\/wp-json\/wp\/v2\/posts\/21053\/revisions\/21056"}],"wp:featuredmedia":[{"embeddable":true,"href":"https:\/\/blogs.correiobraziliense.com.br\/vicente\/wp-json\/wp\/v2\/media\/21055"}],"wp:attachment":[{"href":"https:\/\/blogs.correiobraziliense.com.br\/vicente\/wp-json\/wp\/v2\/media?parent=21053"}],"wp:term":[{"taxonomy":"category","embeddable":true,"href":"https:\/\/blogs.correiobraziliense.com.br\/vicente\/wp-json\/wp\/v2\/categories?post=21053"},{"taxonomy":"post_tag","embeddable":true,"href":"https:\/\/blogs.correiobraziliense.com.br\/vicente\/wp-json\/wp\/v2\/tags?post=21053"}],"curies":[{"name":"wp","href":"https:\/\/api.w.org\/{rel}","templated":true}]}}