{"id":21051,"date":"2021-09-08T21:01:56","date_gmt":"2021-09-09T00:01:56","guid":{"rendered":"https:\/\/blogs.correiobraziliense.com.br\/vicente\/?p=21051"},"modified":"2021-09-08T21:48:10","modified_gmt":"2021-09-09T00:48:10","slug":"por-causa-de-bolsonaro-bc-pode-levar-juros-a-10-ao-ano-ou-mais","status":"publish","type":"post","link":"https:\/\/blogs.correiobraziliense.com.br\/vicente\/por-causa-de-bolsonaro-bc-pode-levar-juros-a-10-ao-ano-ou-mais\/","title":{"rendered":"Por causa de Bolsonaro, BC pode levar juros a 10% ao ano ou mais"},"content":{"rendered":"<h2>Com a radicaliza\u00e7\u00e3o do discurso do presidente Jair Bolsonaro, cada vez mais disposto a dar um golpe para se manter no poder, operadores do mercado financeiro admitem que o Banco Central poder\u00e1 ser obrigado a elevar a taxa b\u00e1sica de juros (Selic) para 10% ao ano ou mais. Hoje, a Selic est\u00e1 em 5,25% anuais.<\/h2>\n<p>&nbsp;<\/p>\n<p>Economista-chefe da JF Trust Gest\u00e3o de Recursos, Eduardo Velho acredita que uma Selic de 8,5% ao ano virou piso. Motivo: o recrudescimento da infla\u00e7\u00e3o. O \u00cdndice de Pre\u00e7os ao Consumidor Amplo (IPCA) est\u00e1 em 9% ao ano no acumulado dos 12 meses terminados em julho. Nesta quinta-feira (09\/09), sair\u00e1 a taxa de agosto. O economista-chefe da Greenbay Investimentos, Fl\u00e1vio Serrano, aposta em um \u00edndice de 0,70% no m\u00eas e de 9,49% em 12 meses.<\/p>\n<p>&nbsp;<\/p>\n<p>O tamanho da desconfian\u00e7a do mercado em rela\u00e7\u00e3o a Bolsonaro pode ser medido pelos resultados do mercado nesta quinta-feira (08\/09). A Bolsa de Valores de S\u00e3o Paulo encerrou os neg\u00f3cios com queda de 3,78%, a maior desde 8 de mar\u00e7o \u00faltimo, quando o Supremo Tribunal Federal (STF) anulou os processos contra o ex-presidente Lula. O d\u00f3lar subiu 2,87%, a R$ 5,325.<\/p>\n<p>&nbsp;<\/p>\n<p><strong>Custo Bolsonaro<\/strong><\/p>\n<p>&nbsp;<\/p>\n<p>Em conversas di\u00e1rias com operadores do mercado e investidores, o Banco Central tem procurado acalmar os \u00e2nimos. Mas todo o trabalho dos diretores do BC vai pelo ralo a cada declara\u00e7\u00e3o desastrosa do presidente da Rep\u00fablica. Ele \u00e9 apontado como o principal fator de instabilidade para a economia do pa\u00eds e deve ser responsabilizado pela maior parte do aumento da infla\u00e7\u00e3o.<\/p>\n<p>&nbsp;<\/p>\n<p>O compromisso do Banco Central \u00e9 de aumentar a taxa Selic em mais um ponto percentual neste m\u00eas, para 6,25% ao ano. Mas n\u00e3o est\u00e1 descartada a possibilidade de o aperto monet\u00e1rio ser maior, de 1,25 ponto. O BC sabe que a infla\u00e7\u00e3o deste ano j\u00e1 est\u00e1 dada. A grande preocupa\u00e7\u00e3o \u00e9 segurar as expectativas para 2022, que caminham para 5%.<\/p>\n<p>&nbsp;<\/p>\n<p>Para especialistas, juros de 10% ao ano ser\u00e3o um choque e desastrosos para a economia, que est\u00e1 em franco processo de desacelera\u00e7\u00e3o. Muitas institui\u00e7\u00f5es financeiras est\u00e3o prevendo que o Produto Interno Bruto (PIB) de 2022, quando Bolsonaro tentar\u00e1 a reelei\u00e7\u00e3o, crescer\u00e1 apenas 1%. Ou seja, nada.<\/p>\n<p>&nbsp;<\/p>\n<p><em>Bras\u00edlia, 21h01min<\/em><\/p>\n","protected":false},"excerpt":{"rendered":"<p>Com a radicaliza\u00e7\u00e3o do discurso do presidente Jair Bolsonaro, cada vez mais disposto a dar um golpe para se manter no poder, operadores do mercado financeiro admitem que o Banco Central poder\u00e1 ser obrigado a elevar a taxa b\u00e1sica de juros (Selic) para 10% ao ano ou mais. Hoje, a Selic est\u00e1 em 5,25% anuais. [&hellip;]<\/p>\n","protected":false},"author":22,"featured_media":20753,"comment_status":"open","ping_status":"closed","sticky":false,"template":"","format":"standard","meta":{"footnotes":""},"categories":[600],"tags":[5766,589,4943,2787,5765],"class_list":["post-21051","post","type-post","status-publish","format-standard","has-post-thumbnail","hentry","category-economia","tag-bc-pode-levar-juros-a-10-ao-ano-ou-mais","tag-economia","tag-financas","tag-politica","tag-por-causa-de-bolsonaro"],"_links":{"self":[{"href":"https:\/\/blogs.correiobraziliense.com.br\/vicente\/wp-json\/wp\/v2\/posts\/21051","targetHints":{"allow":["GET"]}}],"collection":[{"href":"https:\/\/blogs.correiobraziliense.com.br\/vicente\/wp-json\/wp\/v2\/posts"}],"about":[{"href":"https:\/\/blogs.correiobraziliense.com.br\/vicente\/wp-json\/wp\/v2\/types\/post"}],"author":[{"embeddable":true,"href":"https:\/\/blogs.correiobraziliense.com.br\/vicente\/wp-json\/wp\/v2\/users\/22"}],"replies":[{"embeddable":true,"href":"https:\/\/blogs.correiobraziliense.com.br\/vicente\/wp-json\/wp\/v2\/comments?post=21051"}],"version-history":[{"count":1,"href":"https:\/\/blogs.correiobraziliense.com.br\/vicente\/wp-json\/wp\/v2\/posts\/21051\/revisions"}],"predecessor-version":[{"id":21052,"href":"https:\/\/blogs.correiobraziliense.com.br\/vicente\/wp-json\/wp\/v2\/posts\/21051\/revisions\/21052"}],"wp:featuredmedia":[{"embeddable":true,"href":"https:\/\/blogs.correiobraziliense.com.br\/vicente\/wp-json\/wp\/v2\/media\/20753"}],"wp:attachment":[{"href":"https:\/\/blogs.correiobraziliense.com.br\/vicente\/wp-json\/wp\/v2\/media?parent=21051"}],"wp:term":[{"taxonomy":"category","embeddable":true,"href":"https:\/\/blogs.correiobraziliense.com.br\/vicente\/wp-json\/wp\/v2\/categories?post=21051"},{"taxonomy":"post_tag","embeddable":true,"href":"https:\/\/blogs.correiobraziliense.com.br\/vicente\/wp-json\/wp\/v2\/tags?post=21051"}],"curies":[{"name":"wp","href":"https:\/\/api.w.org\/{rel}","templated":true}]}}