{"id":21041,"date":"2021-09-08T15:01:07","date_gmt":"2021-09-08T18:01:07","guid":{"rendered":"https:\/\/blogs.correiobraziliense.com.br\/vicente\/?p=21041"},"modified":"2021-09-08T15:49:35","modified_gmt":"2021-09-08T18:49:35","slug":"ciro-nogueira-e-flavia-arruda-buscam-lira-na-camara-e-o-levam-ao-planalto","status":"publish","type":"post","link":"https:\/\/blogs.correiobraziliense.com.br\/vicente\/ciro-nogueira-e-flavia-arruda-buscam-lira-na-camara-e-o-levam-ao-planalto\/","title":{"rendered":"Ciro Nogueira e Fl\u00e1via Arruda buscam Lira na C\u00e2mara e o levam ao Planalto"},"content":{"rendered":"<h2>Os ministros Ciro Nogueira, da Casa Civil, e Fl\u00e1via Arruda, secret\u00e1ria de Governo, foram pessoalmente at\u00e9 a C\u00e2mara dos Deputados, nesta quarta-feira (08\/09), depois do pronunciamento do presidente da Casa, Arthur Lira, e o levaram ao Pal\u00e1cio do Planalto. Pediram uma conversa presencial dele com o presidente Jair Bolsonaro.<\/h2>\n<p>&nbsp;<\/p>\n<figure id=\"attachment_21043\" aria-describedby=\"caption-attachment-21043\" style=\"width: 573px\" class=\"wp-caption alignleft\"><a href=\"https:\/\/blogs.correiobraziliense.com.br\/vicente\/wp-content\/uploads\/sites\/16\/2021\/09\/FlaviaArruda.jpg\"><img loading=\"lazy\" decoding=\"async\" class=\" wp-image-21043\" src=\"https:\/\/blogs.correiobraziliense.com.br\/vicente\/wp-content\/uploads\/sites\/16\/2021\/09\/FlaviaArruda-1024x518.jpg\" alt=\"\" width=\"573\" height=\"290\" srcset=\"https:\/\/blogs.correiobraziliense.com.br\/vicente\/wp-content\/uploads\/sites\/16\/2021\/09\/FlaviaArruda-1024x518.jpg 1024w, https:\/\/blogs.correiobraziliense.com.br\/vicente\/wp-content\/uploads\/sites\/16\/2021\/09\/FlaviaArruda-300x152.jpg 300w, https:\/\/blogs.correiobraziliense.com.br\/vicente\/wp-content\/uploads\/sites\/16\/2021\/09\/FlaviaArruda-768x388.jpg 768w, https:\/\/blogs.correiobraziliense.com.br\/vicente\/wp-content\/uploads\/sites\/16\/2021\/09\/FlaviaArruda-800x404.jpg 800w, https:\/\/blogs.correiobraziliense.com.br\/vicente\/wp-content\/uploads\/sites\/16\/2021\/09\/FlaviaArruda-550x278.jpg 550w, https:\/\/blogs.correiobraziliense.com.br\/vicente\/wp-content\/uploads\/sites\/16\/2021\/09\/FlaviaArruda-230x116.jpg 230w, https:\/\/blogs.correiobraziliense.com.br\/vicente\/wp-content\/uploads\/sites\/16\/2021\/09\/FlaviaArruda.jpg 1280w\" sizes=\"auto, (max-width: 573px) 100vw, 573px\" \/><\/a><figcaption id=\"caption-attachment-21043\" class=\"wp-caption-text\"><em>Foto: Ed Alves\/ CB.Press<\/em><\/figcaption><\/figure>\n<p>Apesar de ter feito um pronunciamento morno, divulgado com mais de uma hora de atraso, Lira fez quest\u00e3o de mostrar seu descontentamento com o comportamento de Bolsonaro nas manifesta\u00e7\u00f5es de Sete de Setembro, nas quais o presidente atacou diretamente o Supremo Tribunal Federal (STF), em especial, o ministro Alexandre de Moraes.<\/p>\n<p>&nbsp;<\/p>\n<p>Lira, no discurso, deixou claro que n\u00e3o pretende dar andamento a nenhum processo de impeachment contra Bolsonaro. Mas pediu que o presidente pare de &#8220;bravatas&#8221;, como a de dizer que n\u00e3o respeitar\u00e1 decis\u00f5es do Judici\u00e1rio, e que comece a trabalhar para melhorar o &#8220;Brasil real&#8221;.<\/p>\n<p>&nbsp;<\/p>\n<p>Aliados de Lira esperam que, pessoalmente, ele seja mais incisivo com Bolsonaro, sobretudo porque o pa\u00eds est\u00e1 caminhando para o buraco. As expectativas dos agentes econ\u00f4micos est\u00e3o se deteriorando muito rapidamente ante o movimento golpista do presidente da Rep\u00fablica, o que poder\u00e1 enterrar de vez as chances de reelei\u00e7\u00e3o dele.<\/p>\n<p>&nbsp;<\/p>\n<p>Os partidos de centro, que hoje est\u00e3o na base do governo, t\u00eam cobrado uma postura mais firme de Lira em rela\u00e7\u00e3o a Bolsonaro. O entendimento nas legendas que comp\u00f5em o Centr\u00e3o \u00e9 o de que o presidente radicalizou demais e pode ser abandonado rapidamente.<\/p>\n<p>&nbsp;<\/p>\n<p><em>Bras\u00edlia, 15h01min\u00a0<\/em><\/p>\n","protected":false},"excerpt":{"rendered":"<p>Os ministros Ciro Nogueira, da Casa Civil, e Fl\u00e1via Arruda, secret\u00e1ria de Governo, foram pessoalmente at\u00e9 a C\u00e2mara dos Deputados, nesta quarta-feira (08\/09), depois do pronunciamento do presidente da Casa, Arthur Lira, e o levaram ao Pal\u00e1cio do Planalto. Pediram uma conversa presencial dele com o presidente Jair Bolsonaro. &nbsp; Apesar de ter feito um [&hellip;]<\/p>\n","protected":false},"author":22,"featured_media":21042,"comment_status":"open","ping_status":"closed","sticky":false,"template":"","format":"standard","meta":{"footnotes":""},"categories":[600],"tags":[926,5764,631,2526],"class_list":["post-21041","post","type-post","status-publish","format-standard","has-post-thumbnail","hentry","category-economia","tag-brasilia","tag-ciro-nogueira-e-flavia-arruda-buscam-lira-na-camara-e-o-levam-ao-planalto","tag-executivo","tag-poder"],"_links":{"self":[{"href":"https:\/\/blogs.correiobraziliense.com.br\/vicente\/wp-json\/wp\/v2\/posts\/21041","targetHints":{"allow":["GET"]}}],"collection":[{"href":"https:\/\/blogs.correiobraziliense.com.br\/vicente\/wp-json\/wp\/v2\/posts"}],"about":[{"href":"https:\/\/blogs.correiobraziliense.com.br\/vicente\/wp-json\/wp\/v2\/types\/post"}],"author":[{"embeddable":true,"href":"https:\/\/blogs.correiobraziliense.com.br\/vicente\/wp-json\/wp\/v2\/users\/22"}],"replies":[{"embeddable":true,"href":"https:\/\/blogs.correiobraziliense.com.br\/vicente\/wp-json\/wp\/v2\/comments?post=21041"}],"version-history":[{"count":2,"href":"https:\/\/blogs.correiobraziliense.com.br\/vicente\/wp-json\/wp\/v2\/posts\/21041\/revisions"}],"predecessor-version":[{"id":21045,"href":"https:\/\/blogs.correiobraziliense.com.br\/vicente\/wp-json\/wp\/v2\/posts\/21041\/revisions\/21045"}],"wp:featuredmedia":[{"embeddable":true,"href":"https:\/\/blogs.correiobraziliense.com.br\/vicente\/wp-json\/wp\/v2\/media\/21042"}],"wp:attachment":[{"href":"https:\/\/blogs.correiobraziliense.com.br\/vicente\/wp-json\/wp\/v2\/media?parent=21041"}],"wp:term":[{"taxonomy":"category","embeddable":true,"href":"https:\/\/blogs.correiobraziliense.com.br\/vicente\/wp-json\/wp\/v2\/categories?post=21041"},{"taxonomy":"post_tag","embeddable":true,"href":"https:\/\/blogs.correiobraziliense.com.br\/vicente\/wp-json\/wp\/v2\/tags?post=21041"}],"curies":[{"name":"wp","href":"https:\/\/api.w.org\/{rel}","templated":true}]}}