{"id":21015,"date":"2021-09-07T21:01:51","date_gmt":"2021-09-08T00:01:51","guid":{"rendered":"https:\/\/blogs.correiobraziliense.com.br\/vicente\/?p=21015"},"modified":"2021-09-07T22:22:50","modified_gmt":"2021-09-08T01:22:50","slug":"medo-tristeza-e-raiva-sao-sentimentos-mais-presentes-em-relacao-a-bolsonaro-neste-sete-de-setembro","status":"publish","type":"post","link":"https:\/\/blogs.correiobraziliense.com.br\/vicente\/medo-tristeza-e-raiva-sao-sentimentos-mais-presentes-em-relacao-a-bolsonaro-neste-sete-de-setembro\/","title":{"rendered":"Medo, tristeza e raiva s\u00e3o sentimentos mais presentes em rela\u00e7\u00e3o a Bolsonaro neste Sete de Setembro"},"content":{"rendered":"<h2>O presidente Jair Bolsanaro usou os \u00faltimos dois meses para tentar fazer do Sete de Setembro o seu dia de gl\u00f3ria. Queria, porque queria, mostrar uma for\u00e7a que n\u00e3o tem. Pois bem: no terreno que mais domina, as redes sociais, as men\u00e7\u00f5es negativas contra ele continuaram acima de 60%, exatos 63%, segundo pesquisa da Modalmais com a AP Exata Alerta.<\/h2>\n<p>&nbsp;<\/p>\n<p>Segundo o levantamento, os sentimentos de medo (19,1%), tristeza (17,9%) e raiva (14,8%) se mantiveram como os mais presentes em posts que mencionam Bolsonaro. A confian\u00e7a no presidente tamb\u00e9m n\u00e3o demonstrou recupera\u00e7\u00e3o e vem caindo desde novembro de 2020, quando a popula\u00e7\u00e3o come\u00e7ou a sentir no bolso o impacto da infla\u00e7\u00e3o.<\/p>\n<p>&nbsp;<\/p>\n<p>Nesta ter\u00e7a-feira (07\/09), o \u00edndice de\u00a0pessoas que avaliam a gest\u00e3o de Bolsonaro como ruim ou p\u00e9ssima ficou em 48,6%, outros 27,4% consideram o governo bom ou \u00f3timo e 23,9%, como regular. No entender dos respons\u00e1veis pela pesquisa, a base de apoio a Bolsonaro o permitiu convocar a milit\u00e2ncia \u00e0s ruas neste 7 de setembro. No entanto, \u00e9 uma base que se fechou nela mesma.<\/p>\n<p>&nbsp;<\/p>\n<p>O mesmo levantamento mostra que, ap\u00f3s o presidente da Rep\u00fablica radicalizar sua fala sobre o Supremo Tribunal Federal e afirmar que n\u00e3o cumprir\u00e1 decis\u00f5es do ministro Alexandre de Moraes, o<br \/>\nimpeachment dele voltou a ser muito mencionado nas redes. Mais: o\u00a0#ForaBolsonaro veio acompanhado de press\u00e3o para\u00a0que o presidente da C\u00e2mara, Arthur Lira, abra o processo de cassa\u00e7\u00e3o.<\/p>\n<p>&nbsp;<\/p>\n<p>Outro ponto importante mostrado pela pesquisa \u00e9 que\u00a0um golpe liderado por Bolsonaro \u00e9 visto como poss\u00edvel. &#8220;Discute-se, dentro desse tema, a possibilidade de apoio das For\u00e7as Armadas e das\u00a0Pol\u00edcias Militares em uma suposta ruptura. Portanto, esse \u00e9 o dilema das redes pol\u00edticas do Brasil hoje. A democracia j\u00e1 n\u00e3o \u00e9 algo entendido como s\u00f3lido e, se antes era um ponto pac\u00edfico, hoje \u00e9 questionada por suas fragilidades.&#8221;<\/p>\n<p>&nbsp;<\/p>\n<p><em>Bras\u00edlia, 21h01min<\/em><\/p>\n","protected":false},"excerpt":{"rendered":"<p>O presidente Jair Bolsanaro usou os \u00faltimos dois meses para tentar fazer do Sete de Setembro o seu dia de gl\u00f3ria. Queria, porque queria, mostrar uma for\u00e7a que n\u00e3o tem. Pois bem: no terreno que mais domina, as redes sociais, as men\u00e7\u00f5es negativas contra ele continuaram acima de 60%, exatos 63%, segundo pesquisa da Modalmais [&hellip;]<\/p>\n","protected":false},"author":22,"featured_media":21016,"comment_status":"open","ping_status":"closed","sticky":false,"template":"","format":"standard","meta":{"footnotes":""},"categories":[600],"tags":[926,5761,2526,2787,5762],"class_list":["post-21015","post","type-post","status-publish","format-standard","has-post-thumbnail","hentry","category-economia","tag-brasilia","tag-medo","tag-poder","tag-politica","tag-tristeza-e-raiva-sao-sentimentos-mais-presentes-em-relacao-a-bolsonaro-neste-sete-de-setembro"],"_links":{"self":[{"href":"https:\/\/blogs.correiobraziliense.com.br\/vicente\/wp-json\/wp\/v2\/posts\/21015","targetHints":{"allow":["GET"]}}],"collection":[{"href":"https:\/\/blogs.correiobraziliense.com.br\/vicente\/wp-json\/wp\/v2\/posts"}],"about":[{"href":"https:\/\/blogs.correiobraziliense.com.br\/vicente\/wp-json\/wp\/v2\/types\/post"}],"author":[{"embeddable":true,"href":"https:\/\/blogs.correiobraziliense.com.br\/vicente\/wp-json\/wp\/v2\/users\/22"}],"replies":[{"embeddable":true,"href":"https:\/\/blogs.correiobraziliense.com.br\/vicente\/wp-json\/wp\/v2\/comments?post=21015"}],"version-history":[{"count":1,"href":"https:\/\/blogs.correiobraziliense.com.br\/vicente\/wp-json\/wp\/v2\/posts\/21015\/revisions"}],"predecessor-version":[{"id":21017,"href":"https:\/\/blogs.correiobraziliense.com.br\/vicente\/wp-json\/wp\/v2\/posts\/21015\/revisions\/21017"}],"wp:featuredmedia":[{"embeddable":true,"href":"https:\/\/blogs.correiobraziliense.com.br\/vicente\/wp-json\/wp\/v2\/media\/21016"}],"wp:attachment":[{"href":"https:\/\/blogs.correiobraziliense.com.br\/vicente\/wp-json\/wp\/v2\/media?parent=21015"}],"wp:term":[{"taxonomy":"category","embeddable":true,"href":"https:\/\/blogs.correiobraziliense.com.br\/vicente\/wp-json\/wp\/v2\/categories?post=21015"},{"taxonomy":"post_tag","embeddable":true,"href":"https:\/\/blogs.correiobraziliense.com.br\/vicente\/wp-json\/wp\/v2\/tags?post=21015"}],"curies":[{"name":"wp","href":"https:\/\/api.w.org\/{rel}","templated":true}]}}