{"id":20945,"date":"2021-09-03T12:24:18","date_gmt":"2021-09-03T15:24:18","guid":{"rendered":"https:\/\/blogs.correiobraziliense.com.br\/vicente\/?p=20945"},"modified":"2021-09-03T12:24:18","modified_gmt":"2021-09-03T15:24:18","slug":"banco-do-brasil-afirma-que-nao-tem-intencao-de-sair-da-febraban","status":"publish","type":"post","link":"https:\/\/blogs.correiobraziliense.com.br\/vicente\/banco-do-brasil-afirma-que-nao-tem-intencao-de-sair-da-febraban\/","title":{"rendered":"Banco do Brasil afirma que n\u00e3o tem inten\u00e7\u00e3o de sair da Febraban"},"content":{"rendered":"<h2>ROSANA HESSEL<\/h2>\n<h2><\/h2>\n<h2>Ap\u00f3s <a href=\"https:\/\/blogs.correiobraziliense.com.br\/vicente\/febraban-compra-briga-com-bolsonaro-e-reafirma-apoio-a-manifesto-em-defesa-da-democracia\/\">a Federa\u00e7\u00e3o Brasileira de Bancos (Febraban) reafirmar apoio ao manifesto<\/a> em favor da democracia &#8220;A Pra\u00e7a \u00e9 dos Tr\u00eas Poderes&#8221;, ontem, em nota divulgada nesta sexta-feira (03\/09), Banco do Brasil, informou que n\u00e3o tem inten\u00e7\u00e3o de se desligar da Febraban.<\/h2>\n<h2><\/h2>\n<p>A pol\u00eamica em torno desse manifesto come\u00e7ou no fim de semana, quando os bancos p\u00fablicos BB e Caixa Econ\u00f4mica Federal amea\u00e7aram deixar a entidade caso o manifesto fosse publicado, criando um racha na Febraban. Enquanto isso, a\u00a0publica\u00e7\u00e3o do documento, coordenado pela Federa\u00e7\u00e3o das Ind\u00fastrias de S\u00e3o Paulo (Fiesp), acabou sendo adiada em meio \u00e0s press\u00f5es do governo e de parlamentares governistas sobre o presidente da Fiesp, Paulo Skaf.<\/p>\n<p>&nbsp;<\/p>\n<p>&#8220;Chegamos a um entendimento que \u00e9 fruto de discuss\u00f5es respeitosas entre as partes e que n\u00e3o inibe a livre express\u00e3o de qualquer membro da Federa\u00e7\u00e3o. O comunicado da Febraban, por um lado, reafirmou sua convic\u00e7\u00e3o pelo conte\u00fado pac\u00edfico e equilibrado do manifesto e, por outro, acena ao BB e \u00e0 Caixa quando registra a desvincula\u00e7\u00e3o do movimento liderado pela Fiesp, contribuindo para a solu\u00e7\u00e3o do impasse\u201d, disse Fausto Ribeiro, presidente do BB no comunicado do maior banco p\u00fablico do pa\u00eds.<\/p>\n<p>&nbsp;<\/p>\n<p>De acordo com o comunicado, o epis\u00f3dio dever\u00e1 contribuir para refor\u00e7ar mecanismos internos na Federa\u00e7\u00e3o que favore\u00e7am o di\u00e1logo e reforcem o papel da Febraban como importante agente de desenvolvimento do pa\u00eds.<\/p>\n<p>&nbsp;<\/p>\n<p>Vale lembrar que a divulga\u00e7\u00e3o de nota da Febraban ontem, <a href=\"https:\/\/blogs.correiobraziliense.com.br\/vicente\/febraban-se-antecipou-a-movimento-de-pedro-guimaraes-com-nove-bancos-para-barrar-manifesto\/\">foi uma antecipa\u00e7\u00e3o de um novo movimento do presidente da Caixa, Pedro Guimar\u00e3es<\/a>., para barrar o manifesto, que j\u00e1 foi amplamente divulgado extraoficialmente.<\/p>\n<p>&nbsp;<\/p>\n<p><strong>Veja a \u00edntegra da nota do BB<\/strong><\/p>\n<p>&nbsp;<\/p>\n<p><em>NOTA DO BANCO DO BRASIL<\/em><\/p>\n<p><em>Ap\u00f3s negocia\u00e7\u00f5es respeitosas entre os membros da Febraban ocorridas nesta semana, e reconhecendo o esfor\u00e7o empreendido por todos na busca pelo di\u00e1logo e por solu\u00e7\u00f5es mediadas, como \u00e9 tradi\u00e7\u00e3o na Febraban, o Banco do Brasil esclarece que n\u00e3o tem inten\u00e7\u00e3o de se desassociar da Federa\u00e7\u00e3o e reafirma seu respeito pelos pares e sua admira\u00e7\u00e3o pela importante hist\u00f3ria constru\u00edda pela Federa\u00e7\u00e3o em seus mais de 50 anos de exist\u00eancia.<\/em><\/p>\n<p><em>\u201cChegamos a um entendimento que \u00e9 fruto de discuss\u00f5es respeitosas entre as partes e que n\u00e3o inibe a livre express\u00e3o de qualquer membro da Federa\u00e7\u00e3o. O comunicado da Febraban, por um lado, reafirmou sua convic\u00e7\u00e3o pelo conte\u00fado pac\u00edfico e equilibrado do manifesto e, por outro, acena ao BB e \u00e0 CEF quando registra a desvincula\u00e7\u00e3o do movimento liderado pela Fiesp, contribuindo para a solu\u00e7\u00e3o do impasse\u201d, disse Fausto Ribeiro, presidente do BB.<\/em><\/p>\n<p><em>O BB tamb\u00e9m acredita que o epis\u00f3dio poder\u00e1, ao final, contribuir para refor\u00e7ar mecanismos internos na Federa\u00e7\u00e3o que favore\u00e7am o di\u00e1logo e reforcem o papel da Febraban como importante agente de desenvolvimento do Pa\u00eds.<\/em><\/p>\n","protected":false},"excerpt":{"rendered":"<p>ROSANA HESSEL Ap\u00f3s a Federa\u00e7\u00e3o Brasileira de Bancos (Febraban) reafirmar apoio ao manifesto em favor da democracia &#8220;A Pra\u00e7a \u00e9 dos Tr\u00eas Poderes&#8221;, ontem, em nota divulgada nesta sexta-feira (03\/09), Banco do Brasil, informou que n\u00e3o tem inten\u00e7\u00e3o de se desligar da Febraban. A pol\u00eamica em torno desse manifesto come\u00e7ou no fim de semana, quando [&hellip;]<\/p>\n","protected":false},"author":22,"featured_media":11442,"comment_status":"open","ping_status":"closed","sticky":false,"template":"","format":"standard","meta":{"footnotes":""},"categories":[600],"tags":[229,81,4314,1349],"class_list":["post-20945","post","type-post","status-publish","format-standard","has-post-thumbnail","hentry","category-economia","tag-banco-do-brasil","tag-febraban","tag-fiesp","tag-manifesto"],"_links":{"self":[{"href":"https:\/\/blogs.correiobraziliense.com.br\/vicente\/wp-json\/wp\/v2\/posts\/20945","targetHints":{"allow":["GET"]}}],"collection":[{"href":"https:\/\/blogs.correiobraziliense.com.br\/vicente\/wp-json\/wp\/v2\/posts"}],"about":[{"href":"https:\/\/blogs.correiobraziliense.com.br\/vicente\/wp-json\/wp\/v2\/types\/post"}],"author":[{"embeddable":true,"href":"https:\/\/blogs.correiobraziliense.com.br\/vicente\/wp-json\/wp\/v2\/users\/22"}],"replies":[{"embeddable":true,"href":"https:\/\/blogs.correiobraziliense.com.br\/vicente\/wp-json\/wp\/v2\/comments?post=20945"}],"version-history":[{"count":1,"href":"https:\/\/blogs.correiobraziliense.com.br\/vicente\/wp-json\/wp\/v2\/posts\/20945\/revisions"}],"predecessor-version":[{"id":20950,"href":"https:\/\/blogs.correiobraziliense.com.br\/vicente\/wp-json\/wp\/v2\/posts\/20945\/revisions\/20950"}],"wp:featuredmedia":[{"embeddable":true,"href":"https:\/\/blogs.correiobraziliense.com.br\/vicente\/wp-json\/wp\/v2\/media\/11442"}],"wp:attachment":[{"href":"https:\/\/blogs.correiobraziliense.com.br\/vicente\/wp-json\/wp\/v2\/media?parent=20945"}],"wp:term":[{"taxonomy":"category","embeddable":true,"href":"https:\/\/blogs.correiobraziliense.com.br\/vicente\/wp-json\/wp\/v2\/categories?post=20945"},{"taxonomy":"post_tag","embeddable":true,"href":"https:\/\/blogs.correiobraziliense.com.br\/vicente\/wp-json\/wp\/v2\/tags?post=20945"}],"curies":[{"name":"wp","href":"https:\/\/api.w.org\/{rel}","templated":true}]}}