{"id":2094,"date":"2016-07-21T09:17:21","date_gmt":"2016-07-21T12:17:21","guid":{"rendered":"https:\/\/blogs.correiobraziliense.com.br\/vicente\/?p=2094"},"modified":"2016-07-21T09:39:54","modified_gmt":"2016-07-21T12:39:54","slug":"inflacao-recupera-forca-em-julho-feijao-e-arroz-azedam-humor-de-consumidores","status":"publish","type":"post","link":"https:\/\/blogs.correiobraziliense.com.br\/vicente\/inflacao-recupera-forca-em-julho-feijao-e-arroz-azedam-humor-de-consumidores\/","title":{"rendered":"Infla\u00e7\u00e3o recupera for\u00e7a em julho. Feij\u00e3o e arroz azedam humor de consumidores"},"content":{"rendered":"<p>Um dia depois de o Banco Central manter a taxa b\u00e1sica de juros (Selic) em 14,25% ao ano, o Instituto Brasileiro de Geografia e Estat\u00edstica (IBGE) mostra acelecera\u00e7\u00e3o da infla\u00e7\u00e3o. O \u00cdndice de Pre\u00e7os ao Consumidor Amplo 15 (IPCA-15), pr\u00e9via da carestia oficial, subiu 0,54% em julho, ante 0,40% do m\u00eas anterior.<\/p>\n<p>&nbsp;<\/p>\n<p>A disparada da infla\u00e7\u00e3o foi puxada pelo grupo alimentos e bebidas, que, na m\u00e9dia, computou alta de 1,45%, respondendo por 69% do indicador. Foi o maior reajuste para meses de julho desde 2008. A dupla feij\u00e3o e arroz apontou o maior aumento, azedando o humor dos consumidores, segundo o IBGE.<\/p>\n<p>&nbsp;<\/p>\n<p>O feij\u00e3o-carioca subiu, em m\u00e9dia, 58,06%, e foi, isoladamente, o item que exerceu o maior impacto no IPCA-15 : 0,18 ponto percentual. Em Goi\u00e2nia, o quilo do produto ficou 81,03% mais caro, seguido por Bras\u00edlia (62,69%), Salvador (61,69%) e Fortaleza (60,63%).\u00a0Os demais tipos de feij\u00e3o tamb\u00e9m apresentaram aumentos significativos. O mulatinho passou a custar, em m\u00e9dia, 45,94% a mais, e o preto, 34,23%. O fradinho subiu 11,78%.<\/p>\n<p>&nbsp;<\/p>\n<p>Segundo o IBGE, o arroz subiu 3,36% na m\u00e9dia, mas disparou 8,20% em Bel\u00e9m, 6,67% em Fortaleza e 6,53% em Goi\u00e2nia. Com isto, o feij\u00e3o com arroz, prato t\u00edpico da mesa do brasileiro, passou a custar bem mais. Para piorar, o\u00a0leite, com participa\u00e7\u00e3o importante na despesa das fam\u00edlias, aumentou 15,54%, em m\u00e9dia, sendo reajustado em 27,46% em Curitiba, em 24,15% em Porto Alegre e em 20,17% em Goi\u00e2nia. Com isso, os pre\u00e7os de seus derivados aumentaram, destacando-se o leite em p\u00f3, que ficou 3,26% mais caro.<\/p>\n","protected":false},"excerpt":{"rendered":"<p>Um dia depois de o Banco Central manter a taxa b\u00e1sica de juros (Selic) em 14,25% ao ano, o Instituto Brasileiro de Geografia e Estat\u00edstica (IBGE) mostra acelecera\u00e7\u00e3o da infla\u00e7\u00e3o. O \u00cdndice de Pre\u00e7os ao Consumidor Amplo 15 (IPCA-15), pr\u00e9via da carestia oficial, subiu 0,54% em julho, ante 0,40% do m\u00eas anterior. &nbsp; A disparada [&hellip;]<\/p>\n","protected":false},"author":22,"featured_media":0,"comment_status":"open","ping_status":"closed","sticky":false,"template":"","format":"standard","meta":{"footnotes":""},"categories":[600],"tags":[],"class_list":["post-2094","post","type-post","status-publish","format-standard","hentry","category-economia"],"_links":{"self":[{"href":"https:\/\/blogs.correiobraziliense.com.br\/vicente\/wp-json\/wp\/v2\/posts\/2094","targetHints":{"allow":["GET"]}}],"collection":[{"href":"https:\/\/blogs.correiobraziliense.com.br\/vicente\/wp-json\/wp\/v2\/posts"}],"about":[{"href":"https:\/\/blogs.correiobraziliense.com.br\/vicente\/wp-json\/wp\/v2\/types\/post"}],"author":[{"embeddable":true,"href":"https:\/\/blogs.correiobraziliense.com.br\/vicente\/wp-json\/wp\/v2\/users\/22"}],"replies":[{"embeddable":true,"href":"https:\/\/blogs.correiobraziliense.com.br\/vicente\/wp-json\/wp\/v2\/comments?post=2094"}],"version-history":[{"count":5,"href":"https:\/\/blogs.correiobraziliense.com.br\/vicente\/wp-json\/wp\/v2\/posts\/2094\/revisions"}],"predecessor-version":[{"id":2099,"href":"https:\/\/blogs.correiobraziliense.com.br\/vicente\/wp-json\/wp\/v2\/posts\/2094\/revisions\/2099"}],"wp:attachment":[{"href":"https:\/\/blogs.correiobraziliense.com.br\/vicente\/wp-json\/wp\/v2\/media?parent=2094"}],"wp:term":[{"taxonomy":"category","embeddable":true,"href":"https:\/\/blogs.correiobraziliense.com.br\/vicente\/wp-json\/wp\/v2\/categories?post=2094"},{"taxonomy":"post_tag","embeddable":true,"href":"https:\/\/blogs.correiobraziliense.com.br\/vicente\/wp-json\/wp\/v2\/tags?post=2094"}],"curies":[{"name":"wp","href":"https:\/\/api.w.org\/{rel}","templated":true}]}}