{"id":20903,"date":"2021-09-01T14:37:34","date_gmt":"2021-09-01T17:37:34","guid":{"rendered":"https:\/\/blogs.correiobraziliense.com.br\/vicente\/?p=20903"},"modified":"2021-09-01T22:19:57","modified_gmt":"2021-09-02T01:19:57","slug":"apos-queda-no-pib-mercado-comeca-nova-onda-de-revisoes-para-baixo","status":"publish","type":"post","link":"https:\/\/blogs.correiobraziliense.com.br\/vicente\/apos-queda-no-pib-mercado-comeca-nova-onda-de-revisoes-para-baixo\/","title":{"rendered":"Ap\u00f3s queda no PIB, mercado come\u00e7a nova onda de revis\u00f5es para baixo"},"content":{"rendered":"<h2>ROSANA HESSEL<\/h2>\n<h2><\/h2>\n<h2>A queda inesperada, embora pequena, no Produto Interno Bruto (PIB) do segundo trimestre provocou uma nova ondas de revis\u00f5es das estimativas do mercado para o PIB e para o cen\u00e1rio conjuntural da economia, piorando as estimativas.<\/h2>\n<p>&nbsp;<\/p>\n<p>Conforme dados do<a href=\"https:\/\/agenciadenoticias.ibge.gov.br\/agencia-sala-de-imprensa\/2013-agencia-de-noticias\/releases\/31494-pib-fica-em-0-1-no-2-trimestre-de-2021\"> Instituto Brasileiro de Geografia e Estat\u00edstica (IBGE)<\/a> divulgados nesta quarta-feira (01\/09), o PIB recuou 0,1% entre abril e junho, na compara\u00e7\u00e3o com o primeiro trimestre de 2021, puxado pelas quedas de 2,8% na produ\u00e7\u00e3o agr\u00edcola, de 0,2% na produ\u00e7\u00e3o industrial e de 3,6% nos investimentos na mesma base de compara\u00e7\u00e3o. O crescimento de 0,7% no setor de servi\u00e7os, que \u00e9 o que mais emprega, n\u00e3o foi suficiente para evitar o primeiro dado negativo ap\u00f3s tr\u00eas trimestres positivos consecutivos. O consumo das fam\u00edlias, principal motor do PIB, no entanto, andou de lado com varia\u00e7\u00e3o de 0% no mesmo per\u00edodo.<\/p>\n<p>&nbsp;<\/p>\n<p>Logo, a\u00a0 frustra\u00e7\u00e3o tomou conta do mercado em rela\u00e7\u00e3o ao processo de recupera\u00e7\u00e3o da economia brasileira em meio \u00e0s crises institucionais provocadas pelas declara\u00e7\u00f5es irrespons\u00e1veis do presidente Jair Bolsonaro (sem partido) e da sua base de apoiadores mais ferrenha. O consenso \u00e9 que a economia tem muitos desafios e n\u00e3o est\u00e1 &#8220;bombando&#8221; como o ministro da Economia, Paulo Guedes, vinha afirmando nas videoconfer\u00eancias com o mercado financeiro nos \u00faltimos dias.<\/p>\n<p>&nbsp;<\/p>\n<p>A sinaliza\u00e7\u00e3o \u00e9 de nova piora nas proje\u00e7\u00f5es macroecon\u00f4micas daqui para frente, apesar do avan\u00e7o da vacina\u00e7\u00e3o, tanto deste ano quanto do ano que vem. A infla\u00e7\u00e3o cada vez mais alta, especialmente, porque esse novo reajuste da tarifa de energia que passou a vigorar em setembro n\u00e3o dever\u00e1 ser o \u00faltimo do ano, e, consequentemente, juros tamb\u00e9m elevados, o que pode frear o processo de retomada em curso, embora gradual.<\/p>\n<p>&nbsp;<\/p>\n<p>O banco\u00a0norte-americano Goldman Sachs, por exemplo, revisou de 5,4% para 4,9% a previs\u00e3o de expans\u00e3o do PIB do Brasil neste ano, e alertou para os riscos da crise energ\u00e9tica.\u00a0A institui\u00e7\u00e3o destacou que, apesar de esperar um cen\u00e1rio mais positivo em rela\u00e7\u00e3o \u00e0 recupera\u00e7\u00e3o da atividade por conta dos avan\u00e7os da vacina\u00e7\u00e3o, isso poder\u00e1\u00a0ser mitigado \u201cpelo aumento das taxas de juros, alta infla\u00e7\u00e3o, altos n\u00edveis de endividamento das fam\u00edlias, problemas persistentes da cadeia de abastecimento que assolam v\u00e1rias ind\u00fastrias manufatureiras e aumento do ru\u00eddo pol\u00edtico e da incerteza pol\u00edtica\u201d.<\/p>\n<p>&nbsp;<\/p>\n<p><span style=\"font-weight: 400\">O presidente do Banco Central, Roberto Campos Neto, inclusive, admitiu, hoje, que as estimativas para o PIB deste ano devem ser revisadas para baixo novamente. \u201cA proje\u00e7\u00e3o do PIB para 2021 estava em 5,22%, com o n\u00famero de hoje achamos que pode ser revisada um pouquinho para baixo, vamos observar&#8221;, afirmou o ministro, hoje, em audi\u00eancia p\u00fablica na Comiss\u00e3o de Finan\u00e7as e Tributa\u00e7\u00e3o da C\u00e2mara dos Deputados. Ele citou a mediana atual das previs\u00f5es do mercado no boletim Focus divulgada ontem, de 5,22%. Essa proje\u00e7\u00e3o foi reduzida pela terceira semana consecutiva, refletindo uma frustra\u00e7\u00e3o com o processo de retomada do PIB neste ano.\u00a0<\/span><\/p>\n<p>&nbsp;<\/p>\n<p>O pessimismo \u00e9 maior em rela\u00e7\u00e3o a 2022, ali\u00e1s, \u00e9 crescente, especialmente, por conta das incertezas que j\u00e1 s\u00e3o naturais em um ano eleitoral, por conta da forte polariza\u00e7\u00e3o e das constantes amea\u00e7as \u00e0s institui\u00e7\u00f5es democr\u00e1ticas. Na semana passada, a mediana das previs\u00f5es do mercado para a expans\u00e3o do PIB do pr\u00f3ximo ano foi reduzida de 2,1% para 2%, mas analistas afirmam que a tend\u00eancia \u00e9 que as novas previs\u00f5es passem a convergir para 1,5%, de acordo com o economista-chefe da XP Investimentos, Caio Megale.\u00a0&#8220;A surpresa do PIB \u00e9 que ele veio um pouco mais baixo em rela\u00e7\u00e3o ao trimestre anterior, que tinha uma base alta&#8221;, destacou.<\/p>\n<p>&nbsp;<\/p>\n<p>Megale contou que as quedas na agricultora, de 2,8%, e na ind\u00fastria, de 0,2% no segundo trimestre ficaram abaixo da previs\u00e3o da XP, mas o crescimento do setor de servi\u00e7os foi menor do que o esperado. Contudo, ele avaliou que o segmento de servi\u00e7os ainda deve apresentar dados melhores nos pr\u00f3ximos trimestres, devido ao processo de reabertura das atividades em curso por conta da vacina\u00e7\u00e3o contra a covid-19.\u00a0 Por conta disso, ele\u00a0manteve as atuais proje\u00e7\u00f5es de avan\u00e7o do PIB neste ano, de 5,5%. &#8220;N\u00e3o tem necessidade de mudan\u00e7a&#8221;, disse. Contudo, ele reconheceu que a taxa de alta de 2,3% do PIB em 2022 precisar\u00e1 ser revisada para baixo.<\/p>\n<p>&nbsp;<\/p>\n<p>&#8220;Nossa preocupa\u00e7\u00e3o maior \u00e9 com o crescimento do ano que vem. De fato, nas \u00faltimas quatro semanas, houve uma piora importante nas condi\u00e7\u00f5es de liquidez do mercado e nas expectativas de chuvas e de racionamento. A infla\u00e7\u00e3o est\u00e1 pressionada e vai fazer o Banco Central subir a Selic (taxa b\u00e1sica da economia), para acima de 7%, ou de\u00a0\u00a0<span style=\"font-weight: 400\">7,5%, o que vai prejudicar a atividade. Essa combina\u00e7\u00e3o de fatores, somada com o cen\u00e1rio de desacelera\u00e7\u00e3o global e de incertezas intr\u00ednsecas de um ano eleitoral, tr\u00e1s um cen\u00e1rio desafiador para a nossa proje\u00e7\u00e3o de 2,3% aos olhos de hoje. Por isso, eu diria que devemos revisar porque, no m\u00ednimo, devemos incorporar os efeitos da crise h\u00eddrica&#8221;, explicou Megale.<\/span><\/p>\n<p>&nbsp;<\/p>\n<p>O economista-chefe da MB Associados, Sergio Vale, que tem uma das previs\u00f5es mais conservadoras para o PIB deste ano e do pr\u00f3ximo, esperava alta de 0,4% no PIB do segundo trimestre, tamb\u00e9m sinaliza vi\u00e9s de baixa em suas proje\u00e7\u00f5es, mas manteve as estimativas atuais para o PIB, de altas de 4,7%, em 2021, e de 1,4%, em 2022. Contudo est\u00e1 reavaliando cen\u00e1rio e, por enquanto, piorou as proje\u00e7\u00f5es para a infla\u00e7\u00e3o e para a taxa Selic.<\/p>\n<p>&nbsp;<\/p>\n<p>&#8220;E la\u0301 vamos no\u0301s, novamente, com outra revisa\u0303o de cena\u0301rio. Para no\u0301s\u00a0economistas, ter que revisar o cena\u0301rio com freque\u0302ncia para baixo e\u0301 sinal preocupante. E estamos fazendo isso cada vez mais nos u\u0301ltimos\u00a0meses e na\u0303o tem como ser diferente agora com a revisa\u0303o da tarifa de\u00a0energia para setembro&#8221;, escreveu Vale, em documento da consultoria divulgado aos clientes ap\u00f3s os dados do PIB.<\/p>\n<p>&nbsp;<\/p>\n<p>Por conta da forte press\u00e3o inflacion\u00e1ria, a infla\u00e7\u00e3o medida pelo \u00cdndice de Pre\u00e7os ao Consumidor Amplo (IPCA) poder\u00e1 chegar a 10% no m\u00eas de setembro, pela novas estimativas de Vale, que prev\u00ea crescimento de 0,5% no PIB do terceiro trimestre e queda de 0,5% nos \u00faltimos tr\u00eas meses. &#8220;Para 2022, ajustamos a expectativa do IPCA para\u00a04,7% e, consequentemente, a Selic tambe\u0301m tera\u0301 que ser maior. Esperamos o ciclo final terminar em 8,5%, ficando ficando nesse patamar ao longo de 2022 inteiro&#8221;, alertou.<\/p>\n<p>&nbsp;<\/p>\n<p>Fernando Honorato, diretor de Pesquisas e Estudos Econ\u00f4micos do Bradesco, revisou de 2,2% para 1,8% a previs\u00e3o de crescimento do PIB de 2022, devido ao aumento das incertezas dom\u00e9sticas, que incluem os riscos de racionamento e as chances desacelera\u00e7\u00e3o global. &#8220;N\u00e3o parece dif\u00edcil restaurar uma perspectiva mais favor\u00e1vel\u00a0para o pr\u00f3ximo ano, afinal o cr\u00e9dito segue em expans\u00e3o, o emprego est\u00e1 defasado em rela\u00e7\u00e3o ao ciclo\u00a0econ\u00f4mico, as empresas est\u00e3o capitalizadas e houve reformas nos \u00faltimos anos. Mas um forte ciclo de\u00a0expans\u00e3o do consumo e dos investimentos requer redu\u00e7\u00e3o da redu\u00e7\u00e3o das incertezas. Enquanto essas persistirem, a\u00a0 vari\u00e2ncia das proje\u00e7\u00f5es do cen\u00e1rio seguir\u00e1 maior do que a usual&#8221;, destacou o comunicado.<\/p>\n<p>&nbsp;<\/p>\n<p>&nbsp;<\/p>\n","protected":false},"excerpt":{"rendered":"<p>ROSANA HESSEL A queda inesperada, embora pequena, no Produto Interno Bruto (PIB) do segundo trimestre provocou uma nova ondas de revis\u00f5es das estimativas do mercado para o PIB e para o cen\u00e1rio conjuntural da economia, piorando as estimativas. &nbsp; Conforme dados do Instituto Brasileiro de Geografia e Estat\u00edstica (IBGE) divulgados nesta quarta-feira (01\/09), o PIB [&hellip;]<\/p>\n","protected":false},"author":22,"featured_media":14173,"comment_status":"open","ping_status":"closed","sticky":false,"template":"","format":"standard","meta":{"footnotes":""},"categories":[600],"tags":[],"class_list":["post-20903","post","type-post","status-publish","format-standard","has-post-thumbnail","hentry","category-economia"],"_links":{"self":[{"href":"https:\/\/blogs.correiobraziliense.com.br\/vicente\/wp-json\/wp\/v2\/posts\/20903","targetHints":{"allow":["GET"]}}],"collection":[{"href":"https:\/\/blogs.correiobraziliense.com.br\/vicente\/wp-json\/wp\/v2\/posts"}],"about":[{"href":"https:\/\/blogs.correiobraziliense.com.br\/vicente\/wp-json\/wp\/v2\/types\/post"}],"author":[{"embeddable":true,"href":"https:\/\/blogs.correiobraziliense.com.br\/vicente\/wp-json\/wp\/v2\/users\/22"}],"replies":[{"embeddable":true,"href":"https:\/\/blogs.correiobraziliense.com.br\/vicente\/wp-json\/wp\/v2\/comments?post=20903"}],"version-history":[{"count":13,"href":"https:\/\/blogs.correiobraziliense.com.br\/vicente\/wp-json\/wp\/v2\/posts\/20903\/revisions"}],"predecessor-version":[{"id":20922,"href":"https:\/\/blogs.correiobraziliense.com.br\/vicente\/wp-json\/wp\/v2\/posts\/20903\/revisions\/20922"}],"wp:featuredmedia":[{"embeddable":true,"href":"https:\/\/blogs.correiobraziliense.com.br\/vicente\/wp-json\/wp\/v2\/media\/14173"}],"wp:attachment":[{"href":"https:\/\/blogs.correiobraziliense.com.br\/vicente\/wp-json\/wp\/v2\/media?parent=20903"}],"wp:term":[{"taxonomy":"category","embeddable":true,"href":"https:\/\/blogs.correiobraziliense.com.br\/vicente\/wp-json\/wp\/v2\/categories?post=20903"},{"taxonomy":"post_tag","embeddable":true,"href":"https:\/\/blogs.correiobraziliense.com.br\/vicente\/wp-json\/wp\/v2\/tags?post=20903"}],"curies":[{"name":"wp","href":"https:\/\/api.w.org\/{rel}","templated":true}]}}