{"id":20892,"date":"2021-09-01T12:02:29","date_gmt":"2021-09-01T15:02:29","guid":{"rendered":"https:\/\/blogs.correiobraziliense.com.br\/vicente\/?p=20892"},"modified":"2021-09-01T13:23:29","modified_gmt":"2021-09-01T16:23:29","slug":"economia-minimiza-queda-do-pib-e-diz-que-recuperacao-ocorre-via-setor-privado","status":"publish","type":"post","link":"https:\/\/blogs.correiobraziliense.com.br\/vicente\/economia-minimiza-queda-do-pib-e-diz-que-recuperacao-ocorre-via-setor-privado\/","title":{"rendered":"Economia minimiza queda do PIB e diz que recupera\u00e7\u00e3o ocorre &#8220;via setor privado&#8221;"},"content":{"rendered":"<h2><span style=\"font-weight: 400\">ROSANA HESSEL<\/span><\/h2>\n<h2><\/h2>\n<h2><span style=\"font-weight: 400\">Ap\u00f3s o resultado do Produto Interno Bruto (PIB) brasileiro ter apresentado <a href=\"https:\/\/blogs.correiobraziliense.com.br\/vicente\/pib-cai-01-no-segundo-trimestre-de-2021-segundo-o-ibge\/\">queda de 0,1% no segundo trimestre na compara\u00e7\u00e3o com os tr\u00eas meses anteriores, frustrando as expectativas do mercado<\/a>, o Minist\u00e9rio da Economia tentou minimizar esse recuo na margem divulgado pelo Instituto Brasileiro de Geografia e Estat\u00edstica (IBGE) nesta quarta-feira (01\/09). A pasta focou o argumento nos dados positivos do setor de servi\u00e7os, assim como a manuten\u00e7\u00e3o dos dados no patamar pr\u00e9-crise, e ainda afirmou que a recupera\u00e7\u00e3o vem ocorrendo &#8220;via setor privado&#8221;.\u00a0<\/span><\/h2>\n<h2><\/h2>\n<p><span style=\"font-weight: 400\">\u201cEmbora o resultado do segundo trimestre tenha sido marginalmente negativo, importa observar a qualidade do crescimento econ\u00f4mico desde a retomada no terceiro trimestre de 2020. A recupera\u00e7\u00e3o econ\u00f4mica tem ocorrido via setor privado, com aumento do investimento e da poupan\u00e7a\u201d, destacou a Nota Informativa divulgada pela Secretaria de Pol\u00edtica Econ\u00f4mica (SPE). Conforme dados do IBGE, taxa de poupan\u00e7a ficou em 20,9% do PIB no segundo trimestre, e a de investimento, em 18,2% do PIB.<\/span><\/p>\n<p>&nbsp;<\/p>\n<p><span style=\"font-weight: 400\">De acordo com o documento da SPE, apesar da queda na ind\u00fastria de transforma\u00e7\u00e3o, devido \u00e0 escassez de mat\u00e9rias primas, e da quebra de safra no caf\u00e9, que ajudou no recuo de 2,8% do setor agropecu\u00e1rio, \u201cdestaca-se que a vacina\u00e7\u00e3o em massa tem possibilitado o fortalecimento dos servi\u00e7os\u201d.\u00a0<\/span><\/p>\n<p>&nbsp;<\/p>\n<p><span style=\"font-weight: 400\">\u00a0<\/span><span style=\"font-weight: 400\">J\u00e1 o presidente do Banco Central, Roberto Campos Neto, ap\u00f3s o resultado negativo da atividade do segundo trimestre, admitiu que as proje\u00e7\u00f5es para o PIB deste ano devem ser revisadas para baixo novamente. \u201cA proje\u00e7\u00e3o do PIB para 2021 estava em 5,22%, com o n\u00famero de hoje achamos que pode ser revisada um pouquinho para baixo, vamos observar&#8221;, afirmou o ministro, hoje, em audi\u00eancia p\u00fablica na Comiss\u00e3o de Finan\u00e7as e Tributa\u00e7\u00e3o da C\u00e2mara dos Deputados. Ele citou a mediana atual das previs\u00f5es do mercado no boletim Focus divulgada ontem, de 5,22%. Essa estimativa foi reduzida pela terceira semana consecutiva, refletindo uma frustra\u00e7\u00e3o com o processo de retomada do PIB neste ano.\u00a0<\/span><\/p>\n<p>&nbsp;<\/p>\n<p>O resultado abaixo das estimativas do PIB do segundo trimestre, <a href=\"https:\/\/blogs.correiobraziliense.com.br\/vicente\/com-queda-no-pib-brasil-cai-no-ranking-global-e-fica-abaixo-da-media\/\">colocou o Brasil abaixo da m\u00e9dia no ranking global levantado pela Austin Rating.<\/a><\/p>\n<p>&nbsp;<\/p>\n<p>Conforme a nota da SPE, o governo<span style=\"font-weight: 400\">\u00a0projeta continuidade do bom desempenho do setor de servi\u00e7os ao longo de 2021. \u201cEspera-se que o setor industrial volte a contribuir positivamente a partir do terceiro trimestre, devido \u00e0 expectativa dos industriais de maior demanda. Dessa forma, o emprego no setor informal dever\u00e1 se recuperar mais rapidamente, \u00e0 medida que a atividade de servi\u00e7os se fortale\u00e7a\u201d, apostou.\u00a0<\/span><\/p>\n<p>&nbsp;<\/p>\n<p><span style=\"font-weight: 400\">O documento da SPE destacou tamb\u00e9m que houve \u201cmelhora relevante nos indicadores de mercado de trabalho ao longo do segundo trimestre, com crescimento do n\u00famero de empregos formais e informais\u201d. Os dados do IBGE divulgados ontem, no entanto, mostram leve recuo na taxa de desemprego, para 14,1%, atingindo 14,4 milh\u00f5es de brasileiros. O \u00f3rg\u00e3o ainda informou que a popula\u00e7\u00e3o subocupada por insufici\u00eancia de horas trabalhadas cresceu 7,3% no trimestre m\u00f3vel encerrado em junho, somando 7,5 milh\u00f5es de pessoas, recorde da s\u00e9rie iniciada em 2012.\u00a0<\/span><\/p>\n<p>&nbsp;<\/p>\n<p><span style=\"font-weight: 400\">De acordo com o informativo, o crescimento do PIB acumulado em quatro trimestres \u201cmostra a boa posi\u00e7\u00e3o da economia brasileira\u201d. \u201cEssa melhora da retomada \u00e9 fruto de medidas que buscam a melhor aloca\u00e7\u00e3o de recursos, seja pelo aumento da produtividade atrav\u00e9s de reformas pr\u00f3-mercado ou pela consolida\u00e7\u00e3o fiscal\u201d, destacou.\u00a0<\/span><\/p>\n<p>&nbsp;<\/p>\n<p><span style=\"font-weight: 400\">O \u00f3rg\u00e3o ressaltou que, para reverter de forma sustent\u00e1vel o diagn\u00f3stico do baixo crescimento da economia brasileira, &#8220;\u00e9 necess\u00e1rio combater as causas da baixa produtividade e da m\u00e1 aloca\u00e7\u00e3o de recursos\u201d. \u201cPara isso, n\u00e3o h\u00e1 outro caminho que resulte em eleva\u00e7\u00e3o do bem-estar dos brasileiros a n\u00e3o ser por medidas que busquem a melhor aloca\u00e7\u00e3o de recursos e incentivem a expans\u00e3o do setor privado, por meio das reformas pr\u00f3-mercado e da consolida\u00e7\u00e3o fiscal\u201d, completou.<\/span><\/p>\n<p>&nbsp;<\/p>\n<p>&nbsp;<\/p>\n<p>Veja <a href=\"https:\/\/www.gov.br\/economia\/pt-br\/centrais-de-conteudo\/publicacoes\/notas-informativas\/2021\/setembro\/resultado-pib-2t21.pdf\/view\">a \u00edntegra da Nota Informativa da SPE divulgada ap\u00f3s os dados do PIB.<\/a><\/p>\n","protected":false},"excerpt":{"rendered":"<p>ROSANA HESSEL Ap\u00f3s o resultado do Produto Interno Bruto (PIB) brasileiro ter apresentado queda de 0,1% no segundo trimestre na compara\u00e7\u00e3o com os tr\u00eas meses anteriores, frustrando as expectativas do mercado, o Minist\u00e9rio da Economia tentou minimizar esse recuo na margem divulgado pelo Instituto Brasileiro de Geografia e Estat\u00edstica (IBGE) nesta quarta-feira (01\/09). A pasta [&hellip;]<\/p>\n","protected":false},"author":22,"featured_media":17184,"comment_status":"open","ping_status":"closed","sticky":false,"template":"","format":"standard","meta":{"footnotes":""},"categories":[600],"tags":[3840,391,3666,5744,58,5743,3894],"class_list":["post-20892","post","type-post","status-publish","format-standard","has-post-thumbnail","hentry","category-economia","tag-atividade","tag-ibge","tag-ministerio-da-economia","tag-nota-informativa","tag-pib","tag-resultado","tag-spe"],"_links":{"self":[{"href":"https:\/\/blogs.correiobraziliense.com.br\/vicente\/wp-json\/wp\/v2\/posts\/20892","targetHints":{"allow":["GET"]}}],"collection":[{"href":"https:\/\/blogs.correiobraziliense.com.br\/vicente\/wp-json\/wp\/v2\/posts"}],"about":[{"href":"https:\/\/blogs.correiobraziliense.com.br\/vicente\/wp-json\/wp\/v2\/types\/post"}],"author":[{"embeddable":true,"href":"https:\/\/blogs.correiobraziliense.com.br\/vicente\/wp-json\/wp\/v2\/users\/22"}],"replies":[{"embeddable":true,"href":"https:\/\/blogs.correiobraziliense.com.br\/vicente\/wp-json\/wp\/v2\/comments?post=20892"}],"version-history":[{"count":5,"href":"https:\/\/blogs.correiobraziliense.com.br\/vicente\/wp-json\/wp\/v2\/posts\/20892\/revisions"}],"predecessor-version":[{"id":20906,"href":"https:\/\/blogs.correiobraziliense.com.br\/vicente\/wp-json\/wp\/v2\/posts\/20892\/revisions\/20906"}],"wp:featuredmedia":[{"embeddable":true,"href":"https:\/\/blogs.correiobraziliense.com.br\/vicente\/wp-json\/wp\/v2\/media\/17184"}],"wp:attachment":[{"href":"https:\/\/blogs.correiobraziliense.com.br\/vicente\/wp-json\/wp\/v2\/media?parent=20892"}],"wp:term":[{"taxonomy":"category","embeddable":true,"href":"https:\/\/blogs.correiobraziliense.com.br\/vicente\/wp-json\/wp\/v2\/categories?post=20892"},{"taxonomy":"post_tag","embeddable":true,"href":"https:\/\/blogs.correiobraziliense.com.br\/vicente\/wp-json\/wp\/v2\/tags?post=20892"}],"curies":[{"name":"wp","href":"https:\/\/api.w.org\/{rel}","templated":true}]}}