{"id":20878,"date":"2021-09-01T10:44:14","date_gmt":"2021-09-01T13:44:14","guid":{"rendered":"https:\/\/blogs.correiobraziliense.com.br\/vicente\/?p=20878"},"modified":"2021-09-01T20:58:10","modified_gmt":"2021-09-01T23:58:10","slug":"com-queda-no-pib-brasil-cai-no-ranking-global-e-fica-abaixo-da-media","status":"publish","type":"post","link":"https:\/\/blogs.correiobraziliense.com.br\/vicente\/com-queda-no-pib-brasil-cai-no-ranking-global-e-fica-abaixo-da-media\/","title":{"rendered":"Com queda no PIB, Brasil cai no ranking global e fica abaixo da m\u00e9dia"},"content":{"rendered":"<h2>ROSANA HESSEL<\/h2>\n<h2><\/h2>\n<h2>Com a queda de 0,1% no Produto Interno Bruto (PIB) no segundo trimestre de 2021, na compara\u00e7\u00e3o com o trimestre anterior<a href=\"https:\/\/blogs.correiobraziliense.com.br\/vicente\/pib-cai-01-no-segundo-trimestre-de-2021-segundo-o-ibge\/\">, conforme dados divulgados, nesta quarta-feira (1\u00b0\/09), pelo Instituto Brasileiro de Geografia e Estat\u00edstica (IBGE)<\/a>, o Brasil ficou em 28\u00ba lugar em um ranking de 44 pa\u00edses elaborado pela Austin Rating.<\/h2>\n<p>&nbsp;<\/p>\n<p><span style=\"font-weight: 400\">A listagem \u00e9 liderada por Portugal, que apresentou alta de 4,9% na mesma base de compara\u00e7\u00e3o. Em segundo lugar, ficou o Reino Unido, com avan\u00e7o de 4,8%, seguido pela Let\u00f4nia e pela \u00c1ustria, com expans\u00e3o de 4,4% e de 4,3%, respectivamente. A m\u00e9dia geral ficou em 1,2%,\u00a0 com a Zona do Euro apresentando desempenho acima dessa m\u00e9dia, de 2%, no trimestre.<\/span><\/p>\n<p>&nbsp;<\/p>\n<p>No ranking anterior, do primeiro trimestre, o Brasil ficou na 19\u00ba coloca\u00e7\u00e3o, mas estava acima da m\u00e9dia entre os pa\u00edses pesquisados. Agora, com a queda do PIB no segundo trimestre, o pa\u00eds ficou abaixo da m\u00e9dia na listagem da Austin.<\/p>\n<p>&nbsp;<\/p>\n<p><span style=\"font-weight: 400\">De acordo com o economista-chefe da Austin e autor do levantamento, Alex Agostini, a queda no PIB brasileiro no segundo trimestre acabou surpreendendo e colocou o pa\u00eds entre os piores desempenhos no ranking, que acabou sendo liderado pelos pa\u00edses europeus, refletindo que o avan\u00e7o da vacina\u00e7\u00e3o tem sido crucial nesse processo de retomada. No primeiro trimestre, os asi\u00e1ticos e emergentes estavam melhor posicionados e, devido aos efeitos da segunda onda da covid-19, acabaram perdendo posi\u00e7\u00f5es nos meses de abril a junho.<\/span><\/p>\n<p>&nbsp;<\/p>\n<p><span style=\"font-weight: 400\">&#8220;Os dados mostram que a sa\u00edda para essa crise provocada pela pandemia da covid-19 \u00e9 a vacina\u00e7\u00e3o. N\u00e3o tem jeito&#8221;, frisou. &#8220;O isolamento afeta pouco, mas \u00e9 necess\u00e1rio para uma recupera\u00e7\u00e3o mais r\u00e1pida, como est\u00e1 ocorrendo na Europa&#8221;, emendou.<\/span><\/p>\n<p>&nbsp;<\/p>\n<p><span style=\"font-weight: 400\">O especialista contou que as quedas na agricultura, de 2,8%, e na ind\u00fastria, de 0,2% &#8220;foram maiores do que o esperado&#8221; e, por isso, n\u00e3o foram compensadas pelo avan\u00e7o de 0,7% do setor de servi\u00e7os. Agostini reconheceu que a seca e a infla\u00e7\u00e3o foram os principais fatores para esse desempenho ruim desses importantes setores. Mas a queda na confian\u00e7a, que \u00e9 refletida nos investimentos &#8212; que apresentou queda de 3,6% e fez o consumo das fam\u00edlias andar de lado, tamb\u00e9m ajudaram para o dado negativo do PIB no trimestre.\u00a0<\/span>&#8220;O Brasil piorou no ranking e o resultado do segundo trimestre mostra que a economia brasileira n\u00e3o est\u00e1 bombando. O pa\u00eds ficou l\u00e1 embaixo no ranking de 44 pa\u00edses&#8221;, acrescentou.<\/p>\n<p>&nbsp;<\/p>\n<p>Agostini lembrou que as previs\u00f5es de crescimento do PIB brasileiro, que variam entre 5% a 5,4%, est\u00e3o abaixo da m\u00e9dia mundial, de 6%, e dos pa\u00edses emergentes do Brics, bloco integrado por Brasil, R\u00fassia, \u00cdndia, China e \u00c1frica do Sul, de 6,8%. &#8220;Por mais que o governo comemore o crescimento de 2021, o Brasil est\u00e1 pior do que seus pares&#8221;, lamentou.<\/p>\n<p>&nbsp;<\/p>\n<p>Para o especialista, o grande desafio para o Brasil ser\u00e1 crescer em 2022, em um ambiente de elei\u00e7\u00e3o com forte polariza\u00e7\u00e3o e com a economia puxando para baixo. &#8220;Haver\u00e1 muita incerteza pol\u00edtica, com taxa de juros alta, risco de apag\u00e3o, desemprego elevado, infla\u00e7\u00e3o pressionando, ambiente fiscal fragilizado. Esse vai ser o grande desafio. Crescer em 2020 \u00e9 f\u00e1cil. O pa\u00eds est\u00e1 recuperando as perdas dos \u00faltimos anos. Agora, com a queda dos investimentos e o consumo das fam\u00edlias andando de lado, ser\u00e1 dif\u00edcil para o Brasil conseguir ter um crescimento mais sustent\u00e1vel&#8221;, alertou.<\/p>\n<p>&nbsp;<\/p>\n<p>Na avalia\u00e7\u00e3o de Agostini, os dados do PIB do segundo trimestre s\u00e3o um grande alerta para o que est\u00e1 por vir.\u00a0 &#8220;Se o pa\u00eds n\u00e3o resgatar a confian\u00e7a nesse ambiente turbulento, n\u00e3o vai ser poss\u00edvel mudar o pa\u00eds&#8221;, finalizou.<\/p>\n","protected":false},"excerpt":{"rendered":"<p>ROSANA HESSEL Com a queda de 0,1% no Produto Interno Bruto (PIB) no segundo trimestre de 2021, na compara\u00e7\u00e3o com o trimestre anterior, conforme dados divulgados, nesta quarta-feira (1\u00b0\/09), pelo Instituto Brasileiro de Geografia e Estat\u00edstica (IBGE), o Brasil ficou em 28\u00ba lugar em um ranking de 44 pa\u00edses elaborado pela Austin Rating. &nbsp; A [&hellip;]<\/p>\n","protected":false},"author":22,"featured_media":16307,"comment_status":"open","ping_status":"closed","sticky":false,"template":"","format":"standard","meta":{"footnotes":""},"categories":[600],"tags":[3859,5742,4510,58,662,3717],"class_list":["post-20878","post","type-post","status-publish","format-standard","has-post-thumbnail","hentry","category-economia","tag-austin-rating","tag-desempenho","tag-pandemia","tag-pib","tag-ranking","tag-vacina"],"_links":{"self":[{"href":"https:\/\/blogs.correiobraziliense.com.br\/vicente\/wp-json\/wp\/v2\/posts\/20878","targetHints":{"allow":["GET"]}}],"collection":[{"href":"https:\/\/blogs.correiobraziliense.com.br\/vicente\/wp-json\/wp\/v2\/posts"}],"about":[{"href":"https:\/\/blogs.correiobraziliense.com.br\/vicente\/wp-json\/wp\/v2\/types\/post"}],"author":[{"embeddable":true,"href":"https:\/\/blogs.correiobraziliense.com.br\/vicente\/wp-json\/wp\/v2\/users\/22"}],"replies":[{"embeddable":true,"href":"https:\/\/blogs.correiobraziliense.com.br\/vicente\/wp-json\/wp\/v2\/comments?post=20878"}],"version-history":[{"count":5,"href":"https:\/\/blogs.correiobraziliense.com.br\/vicente\/wp-json\/wp\/v2\/posts\/20878\/revisions"}],"predecessor-version":[{"id":20887,"href":"https:\/\/blogs.correiobraziliense.com.br\/vicente\/wp-json\/wp\/v2\/posts\/20878\/revisions\/20887"}],"wp:featuredmedia":[{"embeddable":true,"href":"https:\/\/blogs.correiobraziliense.com.br\/vicente\/wp-json\/wp\/v2\/media\/16307"}],"wp:attachment":[{"href":"https:\/\/blogs.correiobraziliense.com.br\/vicente\/wp-json\/wp\/v2\/media?parent=20878"}],"wp:term":[{"taxonomy":"category","embeddable":true,"href":"https:\/\/blogs.correiobraziliense.com.br\/vicente\/wp-json\/wp\/v2\/categories?post=20878"},{"taxonomy":"post_tag","embeddable":true,"href":"https:\/\/blogs.correiobraziliense.com.br\/vicente\/wp-json\/wp\/v2\/tags?post=20878"}],"curies":[{"name":"wp","href":"https:\/\/api.w.org\/{rel}","templated":true}]}}