{"id":20856,"date":"2021-09-01T08:24:07","date_gmt":"2021-09-01T11:24:07","guid":{"rendered":"https:\/\/blogs.correiobraziliense.com.br\/vicente\/?p=20856"},"modified":"2021-09-01T15:45:41","modified_gmt":"2021-09-01T18:45:41","slug":"genial-quaest-avaliacao-negativa-de-bolsonaro-sobe-de-44-para-48","status":"publish","type":"post","link":"https:\/\/blogs.correiobraziliense.com.br\/vicente\/genial-quaest-avaliacao-negativa-de-bolsonaro-sobe-de-44-para-48\/","title":{"rendered":"Genial\/Quaest: Avalia\u00e7\u00e3o negativa de Bolsonaro sobe de 44% para 48%"},"content":{"rendered":"<h2><span style=\"font-weight: 400\">ROSANA HESSEL<\/span><\/h2>\n<h2><\/h2>\n<h2><span style=\"font-weight: 400\">Enquanto o presidente Jair Bolsonaro (sem partido) estica a corda da crise institucional \u00e0s v\u00e9speras do 7 de Setembro, a avalia\u00e7\u00e3o negativa do chefe do Executivo volta a crescer nacionalmente e a prefer\u00eancia por terceira via encolhe, dando mais vantagem para o ex-presidente Luiz In\u00e1cio Lula da Silva (PT), conforme dados da terceira edi\u00e7\u00e3o <a href=\"https:\/\/media-blog.genialinvestimentos.com.br\/wp-content\/uploads\/2021\/08\/31232140\/genial-nas-eleicoes_pesquisa-para-presidente-2022_resultado-setembro-2021.pdf\">da pesquisa qualitativa feita pela Quaest Consultoria e encomendada pela Genial Investimentos divulgada nesta quarta-feira (01\/09).<\/a>\u00a0<\/span><\/h2>\n<h2><\/h2>\n<p><span style=\"font-weight: 400\">Ap\u00f3s ficar tecnicamente est\u00e1vel na pesquisa Genial\/Quaest de agosto em rela\u00e7\u00e3o \u00e0 de julho, passando de 45% para 44%, a avalia\u00e7\u00e3o negativa de Bolsonaro cresceu na edi\u00e7\u00e3o de setembro, chegando a 48% dos entrevistados. Enquanto isso, a avalia\u00e7\u00e3o positiva, de 26%, em julho e em agosto, encolheu para 24% na mesma base de compara\u00e7\u00e3o. A avalia\u00e7\u00e3o regular ficou entre 27%, nos meses de julho e agosto, e em 26%, em setembro.<\/span><\/p>\n<p>&nbsp;<\/p>\n<p><span style=\"font-weight: 400\">A avalia\u00e7\u00e3o negativa de Bolsonaro apresentou crescimento em tr\u00eas regi\u00f5es entre agosto e setembro: Nordeste, Sudeste e Sul.\u00a0\u00a0<\/span><span style=\"font-weight: 400\">Conforme os dados do levantamento, o Nordeste foi a regi\u00e3o do pa\u00eds onde a rejei\u00e7\u00e3o a Bolsonaro tem o maior percentual, de 59%, acima dos 53% registrados em agosto. <\/span><\/p>\n<p>&nbsp;<\/p>\n<p><span style=\"font-weight: 400\">No Sudeste, passou de 42% para 47%, na mesma base de compara\u00e7\u00e3o. E, no Sul, subiu de 36% para 39%. No Norte e no Centro-Oeste, houve uma leve queda na avalia\u00e7\u00e3o negativa do presidente, para 40%, mas dentro da margem de erro de tr\u00eas pontos percentuais.\u00a0<\/span><span style=\"font-weight: 400\">J\u00e1 avalia\u00e7\u00e3o positiva de Bolsonaro cresceu no Sul, passando de 29% para 32% entre agosto e setembro, mas ficou est\u00e1vel no Centro Oeste<\/span><\/p>\n<p>&nbsp;<\/p>\n<p><span style=\"font-weight: 400\">\u201cChama bastante aten\u00e7\u00e3o a segmenta\u00e7\u00e3o social da avalia\u00e7\u00e3o do governo. Por um lado, o governo \u00e9 mais bem avaliado por evang\u00e9licos, homens, residentes nas regi\u00f5es Sul e Centro-Oeste, mais velhos e com renda mais alta\u201d, explicou Felipe Nunes, CEO da Quaest e coordenador da pesquisa.\u00a0 \u201cPor outro, o governo tem mais reprova\u00e7\u00e3o dos cat\u00f3licos, residentes do Nordeste, mulheres, mais jovens e com renda mais baixa. S\u00e3o dois mundos sociologicamente muito diferentes&#8221;, acrescentou.\u00a0<\/span><\/p>\n<p>&nbsp;<\/p>\n<p><strong>Inten\u00e7\u00e3o de voto<\/strong><b><\/b><\/p>\n<p>&nbsp;<\/p>\n<p><span style=\"font-weight: 400\">Enquanto a avalia\u00e7\u00e3o negativa de Bolsonaro cresce entre o eleitorado, o ex-presidente Lula ganha terreno e mant\u00e9m a lideran\u00e7a nas inten\u00e7\u00f5es de voto no primeiro turno nos cinco cen\u00e1rios pesquisados. E, em um eventual segundo turno, o petista vence todos os candidatos em todos os cen\u00e1rios em que aparece na disputa com Bolsonaro, Ciro Gomes (PDT), Jo\u00e3o Doria (PSDB) e Rodrigo Pacheco (DEM).\u00a0<\/span><\/p>\n<p>&nbsp;<\/p>\n<p><span style=\"font-weight: 400\">Em um eventual segundo turno, Lula vence vence Bolsonaro com 55% dos votos e Bolsonaro, com 30%, mostra queda na prefer\u00eancia enquanto o petista tem leve melhora. Em agosto, o petista tinha 54% e o atual presidente, 33%.\u00a0<\/span><\/p>\n<p>&nbsp;<\/p>\n<p><span style=\"font-weight: 400\">J\u00e1 Bolsonaro s\u00f3 venceria em um eventual segundo turno se a disputa fosse com Rodrigo Pacheco. E, mesmo assim com uma margem apertada, de 36% contra 33%. Em segundo turno entre Ciro Gomes e Bolsonaro, o pedetista tem 45% das inten\u00e7\u00f5es de voto contra 33% do atual presidente.<\/span><\/p>\n<p>&nbsp;<\/p>\n<p><span style=\"font-weight: 400\">A principal raz\u00e3o dos entrevistados pelo voto em Lula \u00e9 a gest\u00e3o, com 59% das respostas, seguida pela economia, com 12%. Em rela\u00e7\u00e3o a Bolsonaro, 27% responderam que votam nele pela gest\u00e3o e 25% dizem que s\u00e3o anti-PT.<\/span><\/p>\n<p>&nbsp;<\/p>\n<p>&nbsp;<\/p>\n<p><strong>Cai prefer\u00eancia pela terceira via <\/strong><\/p>\n<p>&nbsp;<\/p>\n<p><span style=\"font-weight: 400\">A pesquisa mostra tamb\u00e9m que, ao serem questionados sobre quem prefere que ven\u00e7a, 45% dos entrevistados responderam preferir Lula, dado acima dos 42% de agosto e dos 41% de julho.\u00a0<\/span><\/p>\n<p>&nbsp;<\/p>\n<p><span style=\"font-weight: 400\">Enquanto isso, a prefer\u00eancia por uma terceira via s\u00f3 apresentou queda no mesmo per\u00edodo. Contudo, permanece maior do que a prefer\u00eancia por Bolsonaro, que ficou em 23% em setembro, ap\u00f3s subir de 24% para 26% entre julho e agosto.<\/span><\/p>\n<p>&nbsp;<\/p>\n<p><span style=\"font-weight: 400\">O percentual de entrevistados que n\u00e3o pretendem votar nem em Lula nem em Bolsonaro passou de 31%, em julho, para 28%, em agosto, e para 25%, em setembro.<\/span><\/p>\n<p>&nbsp;<\/p>\n<p>Em uma pesquisa espont\u00e2nea de inten\u00e7\u00e3o de voto, 58% est\u00e3o indecisos e Lula aparece em primeiro lugar, com 23%, seguido por Bolsonaro, com 23%.\u00a0O presidente continua com a maior taxa de rejei\u00e7\u00e3o entre os entrevistados, de 62%, levemente acima da anterior, de 61%. Lula tem uma rejei\u00e7\u00e3o menor, de 40%, acima apenas de Rodrigo Pacheco (31%) , Eduardo Leite (28%) e Simone Tebet (14%), que entrou pela primeira vez no estudo. Enquanto isso, o percentual de entrevistados que disseram que n\u00e3o votariam em Doria (57%), em Ciro (53%) e em Datena (46%).<\/p>\n<p>&nbsp;<\/p>\n<p><span style=\"font-weight: 400\">\u00a0A nova edi\u00e7\u00e3o Genial\/Quaest apresentou algumas novidades. Ampliou a<\/span>\u00a0amostra de entrevistas face-a-face, passando de 1,5 mil para 2 mil pessoas. A quantidade de cidades visitadas de aumentou 95 para 123.\u00a0<span style=\"font-weight: 400\">A confiabilidade da pesquisa \u00e9 de 95% e a margem de erro, tr\u00eas pontos percentuais.<\/span><\/p>\n<p>&nbsp;<\/p>\n","protected":false},"excerpt":{"rendered":"<p>ROSANA HESSEL Enquanto o presidente Jair Bolsonaro (sem partido) estica a corda da crise institucional \u00e0s v\u00e9speras do 7 de Setembro, a avalia\u00e7\u00e3o negativa do chefe do Executivo volta a crescer nacionalmente e a prefer\u00eancia por terceira via encolhe, dando mais vantagem para o ex-presidente Luiz In\u00e1cio Lula da Silva (PT), conforme dados da terceira [&hellip;]<\/p>\n","protected":false},"author":22,"featured_media":13776,"comment_status":"open","ping_status":"closed","sticky":false,"template":"","format":"standard","meta":{"footnotes":""},"categories":[600],"tags":[5741,2554,3436,665,5740,23,5599],"class_list":["post-20856","post","type-post","status-publish","format-standard","has-post-thumbnail","hentry","category-economia","tag-avaliacao","tag-bolsonaro","tag-ciro","tag-eleicoes","tag-intencao-de-voto","tag-lula","tag-pesquisa-genial-quaest"],"_links":{"self":[{"href":"https:\/\/blogs.correiobraziliense.com.br\/vicente\/wp-json\/wp\/v2\/posts\/20856","targetHints":{"allow":["GET"]}}],"collection":[{"href":"https:\/\/blogs.correiobraziliense.com.br\/vicente\/wp-json\/wp\/v2\/posts"}],"about":[{"href":"https:\/\/blogs.correiobraziliense.com.br\/vicente\/wp-json\/wp\/v2\/types\/post"}],"author":[{"embeddable":true,"href":"https:\/\/blogs.correiobraziliense.com.br\/vicente\/wp-json\/wp\/v2\/users\/22"}],"replies":[{"embeddable":true,"href":"https:\/\/blogs.correiobraziliense.com.br\/vicente\/wp-json\/wp\/v2\/comments?post=20856"}],"version-history":[{"count":4,"href":"https:\/\/blogs.correiobraziliense.com.br\/vicente\/wp-json\/wp\/v2\/posts\/20856\/revisions"}],"predecessor-version":[{"id":20911,"href":"https:\/\/blogs.correiobraziliense.com.br\/vicente\/wp-json\/wp\/v2\/posts\/20856\/revisions\/20911"}],"wp:featuredmedia":[{"embeddable":true,"href":"https:\/\/blogs.correiobraziliense.com.br\/vicente\/wp-json\/wp\/v2\/media\/13776"}],"wp:attachment":[{"href":"https:\/\/blogs.correiobraziliense.com.br\/vicente\/wp-json\/wp\/v2\/media?parent=20856"}],"wp:term":[{"taxonomy":"category","embeddable":true,"href":"https:\/\/blogs.correiobraziliense.com.br\/vicente\/wp-json\/wp\/v2\/categories?post=20856"},{"taxonomy":"post_tag","embeddable":true,"href":"https:\/\/blogs.correiobraziliense.com.br\/vicente\/wp-json\/wp\/v2\/tags?post=20856"}],"curies":[{"name":"wp","href":"https:\/\/api.w.org\/{rel}","templated":true}]}}