{"id":20848,"date":"2021-08-31T19:25:45","date_gmt":"2021-08-31T22:25:45","guid":{"rendered":"https:\/\/blogs.correiobraziliense.com.br\/vicente\/?p=20848"},"modified":"2021-08-31T19:42:07","modified_gmt":"2021-08-31T22:42:07","slug":"exercito-e-pm-do-distrito-federal-veem-movimento-pro-bolsonaro-esfriando","status":"publish","type":"post","link":"https:\/\/blogs.correiobraziliense.com.br\/vicente\/exercito-e-pm-do-distrito-federal-veem-movimento-pro-bolsonaro-esfriando\/","title":{"rendered":"Ex\u00e9rcito e PM do Distrito Federal veem movimento pr\u00f3-Bolsonaro esfriando"},"content":{"rendered":"<h2>Levantamentos feitos em tempo real pelos sistemas de intelig\u00eancia do Ex\u00e9rcito e da Pol\u00edcia Militar do Distrito Federal mostram que a ades\u00e3o \u00e0s manifesta\u00e7\u00f5es de Sete de Setembro em favor do presidente Jair Bolsonaro est\u00e1 diminuindo. &#8220;O fogo est\u00e1 baixando. A for\u00e7a do movimento est\u00e1 mais na ret\u00f3rica do que na pr\u00e1tica&#8221;, diz um fardado de alta patente.<\/h2>\n<p>&nbsp;<\/p>\n<p>Segundo ele, as decis\u00f5es tomadas pelo Supremo Tribunal Federal (STF), no sentido de conter os arroubos autorit\u00e1rios e a dissemina\u00e7\u00e3o de fake news, ajudaram a frear os movimentos anti-democr\u00e1ticos. Aqueles que t\u00eam ju\u00edzo &#8220;baixaram a bola&#8221;. A sensa\u00e7\u00e3o, acrescenta o militar, \u00e9 de que &#8220;havia muito fogo de palha&#8221;.<\/p>\n<p>&nbsp;<\/p>\n<p>Os envolvidos no monitoramento das manifesta\u00e7\u00f5es afirmam, por\u00e9m, que o real tamanho das manifesta\u00e7\u00f5es ficar\u00e1 mais claro a partir de domingo, quando os deslocamentos de apoiadores do presidente come\u00e7ar\u00e3o. &#8220;N\u00e3o h\u00e1 risco de fechamento de estradas, por exemplo&#8221;, enfatiza outro militar.<\/p>\n<p>&nbsp;<\/p>\n<p>A percep\u00e7\u00e3o entre militares e policiais do Distrito Federal \u00e9 de que tumultos maiores, se acontecerem, ser\u00e3o em S\u00e3o Paulo, onde apoiadores do presidente e oposi\u00e7\u00e3o a ele v\u00e3o se encontrar nas ruas. Em Bras\u00edlia, espera-se um movimento mais pac\u00edfico. Bolsonaro participar\u00e1 dos atos na capital do pa\u00eds pela manh\u00e3 e, \u00e0 tarde, estar\u00e1 em S\u00e3o Paulo.<\/p>\n<p>&nbsp;<\/p>\n<p><em>Bras\u00edlia, 19h25min<\/em><\/p>\n","protected":false},"excerpt":{"rendered":"<p>Levantamentos feitos em tempo real pelos sistemas de intelig\u00eancia do Ex\u00e9rcito e da Pol\u00edcia Militar do Distrito Federal mostram que a ades\u00e3o \u00e0s manifesta\u00e7\u00f5es de Sete de Setembro em favor do presidente Jair Bolsonaro est\u00e1 diminuindo. &#8220;O fogo est\u00e1 baixando. A for\u00e7a do movimento est\u00e1 mais na ret\u00f3rica do que na pr\u00e1tica&#8221;, diz um fardado [&hellip;]<\/p>\n","protected":false},"author":22,"featured_media":14290,"comment_status":"open","ping_status":"closed","sticky":false,"template":"","format":"standard","meta":{"footnotes":""},"categories":[600],"tags":[926,5739,2526,2787],"class_list":["post-20848","post","type-post","status-publish","format-standard","has-post-thumbnail","hentry","category-economia","tag-brasilia","tag-exercito-e-pm-do-distrito-federal-veem-movimento-pro-bolsonaro-esfriando","tag-poder","tag-politica"],"_links":{"self":[{"href":"https:\/\/blogs.correiobraziliense.com.br\/vicente\/wp-json\/wp\/v2\/posts\/20848","targetHints":{"allow":["GET"]}}],"collection":[{"href":"https:\/\/blogs.correiobraziliense.com.br\/vicente\/wp-json\/wp\/v2\/posts"}],"about":[{"href":"https:\/\/blogs.correiobraziliense.com.br\/vicente\/wp-json\/wp\/v2\/types\/post"}],"author":[{"embeddable":true,"href":"https:\/\/blogs.correiobraziliense.com.br\/vicente\/wp-json\/wp\/v2\/users\/22"}],"replies":[{"embeddable":true,"href":"https:\/\/blogs.correiobraziliense.com.br\/vicente\/wp-json\/wp\/v2\/comments?post=20848"}],"version-history":[{"count":1,"href":"https:\/\/blogs.correiobraziliense.com.br\/vicente\/wp-json\/wp\/v2\/posts\/20848\/revisions"}],"predecessor-version":[{"id":20849,"href":"https:\/\/blogs.correiobraziliense.com.br\/vicente\/wp-json\/wp\/v2\/posts\/20848\/revisions\/20849"}],"wp:featuredmedia":[{"embeddable":true,"href":"https:\/\/blogs.correiobraziliense.com.br\/vicente\/wp-json\/wp\/v2\/media\/14290"}],"wp:attachment":[{"href":"https:\/\/blogs.correiobraziliense.com.br\/vicente\/wp-json\/wp\/v2\/media?parent=20848"}],"wp:term":[{"taxonomy":"category","embeddable":true,"href":"https:\/\/blogs.correiobraziliense.com.br\/vicente\/wp-json\/wp\/v2\/categories?post=20848"},{"taxonomy":"post_tag","embeddable":true,"href":"https:\/\/blogs.correiobraziliense.com.br\/vicente\/wp-json\/wp\/v2\/tags?post=20848"}],"curies":[{"name":"wp","href":"https:\/\/api.w.org\/{rel}","templated":true}]}}