{"id":20846,"date":"2021-08-31T19:01:15","date_gmt":"2021-08-31T22:01:15","guid":{"rendered":"https:\/\/blogs.correiobraziliense.com.br\/vicente\/?p=20846"},"modified":"2021-08-31T19:25:41","modified_gmt":"2021-08-31T22:25:41","slug":"militares-recorrem-a-frase-de-thatcher-para-dizer-que-bolsonaro-e-ruim-e-vai-passar","status":"publish","type":"post","link":"https:\/\/blogs.correiobraziliense.com.br\/vicente\/militares-recorrem-a-frase-de-thatcher-para-dizer-que-bolsonaro-e-ruim-e-vai-passar\/","title":{"rendered":"Militares recorrem \u00e0 frase de Thatcher para dizer que Bolsonaro &#8220;\u00e9 ruim e vai passar&#8221;"},"content":{"rendered":"<h2>Militares de altas patentes est\u00e3o recorrendo a uma frase da ex-primeira-ministra do Reino Unido Margareth Thatcher para dizer que o governo de Jair Bolsonaro &#8220;\u00e9 ruim e vai passar&#8221;. Disse a brit\u00e2nica: &#8220;A democracia n\u00e3o \u00e9 um sistema para garantir que os melhores sejam eleitos, mas, sim, para impedir que os ruins fiquem para sempre&#8221;.<\/h2>\n<p>&nbsp;<\/p>\n<p>No entender dos fardados, que est\u00e3o cada vez mais incomodados com os arroubos autorit\u00e1rios de Bolsonaro e com o desleixo dele com o pa\u00eds \u2014 nesta ter\u00e7a-feira (31\/08) ele foi passear a cavalo em uma cidade mineira \u2014, as elei\u00e7\u00f5es de 2022 ser\u00e3o uma grande oportunidade para ape\u00e1-lo do poder.<\/p>\n<p>&nbsp;<\/p>\n<p>&#8220;A altern\u00e2ncia do poder faz bem para a democracia&#8221;, diz um graduado integrante das For\u00e7as Armadas. Ele ressalta que o grosso dos militares de altas patentes faz coro com representantes do Produto Interno Bruto (PIB), que refutam qualquer tentativa de golpe no pa\u00eds. &#8220;A economia est\u00e1 afundando. Portanto, \u00e9 preciso retomar a serenidade no pa\u00eds&#8221;, destaca.<\/p>\n<p>&nbsp;<\/p>\n<p>Outro importante militar diz que a democracia &#8220;\u00e9 ruidosa&#8221;, mas ningu\u00e9m pode ultrapassar os limites da Constitui\u00e7\u00e3o. &#8220;Fazer barulho \u00e9 do jogo. O que n\u00e3o pode \u00e9 tentar desestabilizar o pa\u00eds. S\u00f3 estamos perdendo tempo e os problemas reais est\u00e3o se aprofundando. \u00c9 a popula\u00e7\u00e3o mais pobre que sofre&#8221;, acrescenta.<\/p>\n<p>&nbsp;<\/p>\n<p>Para os militares, as institui\u00e7\u00f5es brasileiras s\u00e3o s\u00f3lidas e v\u00e3o sobreviver aos que tentam atac\u00e1-las. &#8220;N\u00e3o h\u00e1 espa\u00e7o para retrocessos&#8221;, frisa um terceiro fardado de alta patente. Ele afirma, ainda, que as lideran\u00e7as das For\u00e7as t\u00eam pleno controle de suas tropas, que v\u00eam sendo educadas sobre a import\u00e2ncia da democracia.<\/p>\n<p>&nbsp;<\/p>\n<p><em>Bras\u00edlia, 19h01min<\/em><\/p>\n","protected":false},"excerpt":{"rendered":"<p>Militares de altas patentes est\u00e3o recorrendo a uma frase da ex-primeira-ministra do Reino Unido Margareth Thatcher para dizer que o governo de Jair Bolsonaro &#8220;\u00e9 ruim e vai passar&#8221;. Disse a brit\u00e2nica: &#8220;A democracia n\u00e3o \u00e9 um sistema para garantir que os melhores sejam eleitos, mas, sim, para impedir que os ruins fiquem para sempre&#8221;. [&hellip;]<\/p>\n","protected":false},"author":22,"featured_media":14408,"comment_status":"open","ping_status":"closed","sticky":false,"template":"","format":"standard","meta":{"footnotes":""},"categories":[600],"tags":[926,589,5738,2526,2787],"class_list":["post-20846","post","type-post","status-publish","format-standard","has-post-thumbnail","hentry","category-economia","tag-brasilia","tag-economia","tag-militares-recorrem-a-frase-de-thatcher-para-dizer-que-bolsonaro-e-ruim-e-vai-passar","tag-poder","tag-politica"],"_links":{"self":[{"href":"https:\/\/blogs.correiobraziliense.com.br\/vicente\/wp-json\/wp\/v2\/posts\/20846","targetHints":{"allow":["GET"]}}],"collection":[{"href":"https:\/\/blogs.correiobraziliense.com.br\/vicente\/wp-json\/wp\/v2\/posts"}],"about":[{"href":"https:\/\/blogs.correiobraziliense.com.br\/vicente\/wp-json\/wp\/v2\/types\/post"}],"author":[{"embeddable":true,"href":"https:\/\/blogs.correiobraziliense.com.br\/vicente\/wp-json\/wp\/v2\/users\/22"}],"replies":[{"embeddable":true,"href":"https:\/\/blogs.correiobraziliense.com.br\/vicente\/wp-json\/wp\/v2\/comments?post=20846"}],"version-history":[{"count":1,"href":"https:\/\/blogs.correiobraziliense.com.br\/vicente\/wp-json\/wp\/v2\/posts\/20846\/revisions"}],"predecessor-version":[{"id":20847,"href":"https:\/\/blogs.correiobraziliense.com.br\/vicente\/wp-json\/wp\/v2\/posts\/20846\/revisions\/20847"}],"wp:featuredmedia":[{"embeddable":true,"href":"https:\/\/blogs.correiobraziliense.com.br\/vicente\/wp-json\/wp\/v2\/media\/14408"}],"wp:attachment":[{"href":"https:\/\/blogs.correiobraziliense.com.br\/vicente\/wp-json\/wp\/v2\/media?parent=20846"}],"wp:term":[{"taxonomy":"category","embeddable":true,"href":"https:\/\/blogs.correiobraziliense.com.br\/vicente\/wp-json\/wp\/v2\/categories?post=20846"},{"taxonomy":"post_tag","embeddable":true,"href":"https:\/\/blogs.correiobraziliense.com.br\/vicente\/wp-json\/wp\/v2\/tags?post=20846"}],"curies":[{"name":"wp","href":"https:\/\/api.w.org\/{rel}","templated":true}]}}