{"id":2081,"date":"2016-07-20T16:01:50","date_gmt":"2016-07-20T19:01:50","guid":{"rendered":"https:\/\/blogs.correiobraziliense.com.br\/vicente\/?p=2081"},"modified":"2016-07-20T16:48:33","modified_gmt":"2016-07-20T19:48:33","slug":"caixa-ja-foi-cooptada-admite-padilha","status":"publish","type":"post","link":"https:\/\/blogs.correiobraziliense.com.br\/vicente\/caixa-ja-foi-cooptada-admite-padilha\/","title":{"rendered":"Caixa j\u00e1 foi cooptada, admite Padilha"},"content":{"rendered":"<p>A Caixa Econ\u00f4mica Federal j\u00e1 aderiu ao projeto do governo de reduzir as taxa de juros para estimular o cr\u00e9dito e, por tabela, o consumo. Segundo o ministro da Casa Civil, Eliseu Padilha, as recentes medidas anunciadas pelo banco, ampliando o teto do valor dos im\u00f3veis financiados para at\u00e9 R$ 3 milh\u00f5es e aumentando a parcela a ser coberta por empr\u00e9stimos, s\u00e3o um forte indicador de que a institui\u00e7\u00e3o est\u00e1 trabalhando em sintonia com o Pal\u00e1cio do Planalto para tentar estimular a economia.<\/p>\n<p>&nbsp;<\/p>\n<p>\u201cSe observarmos a Caixa, nas medidas tomadas na \u00faltima semana, ela sinalizou que pretende trabalhar no rumo de derrubar os juros. Ela aumenta o valor dos financiamentos e trabalha com a redu\u00e7\u00e3o do spread. Portanto, naquilo que poderia ser interpretado como um sinal do governo, a Caixa j\u00e1 deu a resposta\u201d, disse Padilha. Segundo ele, os sinais recentes de melhora da atividade estimulam o governo \u201cpara que se prossiga no rumo que vem vindo\u201d.<\/p>\n<p>&nbsp;<\/p>\n<p>A meta \u00e9 que tamb\u00e9m o Banco do Brasil anuncie medidas para estimular o cr\u00e9dito. A institui\u00e7\u00e3o, no entanto, n\u00e3o apresentou nada de concreto para o governo, alegando que ainda n\u00e3o foi demandado. Na Casa Civil, por\u00e9m, a informa\u00e7\u00e3o \u00e9 de que os bancos p\u00fablicos, sem exce\u00e7\u00e3o, est\u00e3o incumbidos de apresentar sugest\u00f5es para facilitar o cr\u00e9dito. Queiram ou n\u00e3o queira.<\/p>\n<p>&nbsp;<\/p>\n<p><em>Bras\u00edlia, 16h01min<\/em><\/p>\n","protected":false},"excerpt":{"rendered":"<p>A Caixa Econ\u00f4mica Federal j\u00e1 aderiu ao projeto do governo de reduzir as taxa de juros para estimular o cr\u00e9dito e, por tabela, o consumo. Segundo o ministro da Casa Civil, Eliseu Padilha, as recentes medidas anunciadas pelo banco, ampliando o teto do valor dos im\u00f3veis financiados para at\u00e9 R$ 3 milh\u00f5es e aumentando a [&hellip;]<\/p>\n","protected":false},"author":22,"featured_media":0,"comment_status":"open","ping_status":"closed","sticky":false,"template":"","format":"standard","meta":{"footnotes":""},"categories":[600],"tags":[],"class_list":["post-2081","post","type-post","status-publish","format-standard","hentry","category-economia"],"_links":{"self":[{"href":"https:\/\/blogs.correiobraziliense.com.br\/vicente\/wp-json\/wp\/v2\/posts\/2081","targetHints":{"allow":["GET"]}}],"collection":[{"href":"https:\/\/blogs.correiobraziliense.com.br\/vicente\/wp-json\/wp\/v2\/posts"}],"about":[{"href":"https:\/\/blogs.correiobraziliense.com.br\/vicente\/wp-json\/wp\/v2\/types\/post"}],"author":[{"embeddable":true,"href":"https:\/\/blogs.correiobraziliense.com.br\/vicente\/wp-json\/wp\/v2\/users\/22"}],"replies":[{"embeddable":true,"href":"https:\/\/blogs.correiobraziliense.com.br\/vicente\/wp-json\/wp\/v2\/comments?post=2081"}],"version-history":[{"count":1,"href":"https:\/\/blogs.correiobraziliense.com.br\/vicente\/wp-json\/wp\/v2\/posts\/2081\/revisions"}],"predecessor-version":[{"id":2082,"href":"https:\/\/blogs.correiobraziliense.com.br\/vicente\/wp-json\/wp\/v2\/posts\/2081\/revisions\/2082"}],"wp:attachment":[{"href":"https:\/\/blogs.correiobraziliense.com.br\/vicente\/wp-json\/wp\/v2\/media?parent=2081"}],"wp:term":[{"taxonomy":"category","embeddable":true,"href":"https:\/\/blogs.correiobraziliense.com.br\/vicente\/wp-json\/wp\/v2\/categories?post=2081"},{"taxonomy":"post_tag","embeddable":true,"href":"https:\/\/blogs.correiobraziliense.com.br\/vicente\/wp-json\/wp\/v2\/tags?post=2081"}],"curies":[{"name":"wp","href":"https:\/\/api.w.org\/{rel}","templated":true}]}}