{"id":2079,"date":"2016-07-20T15:30:28","date_gmt":"2016-07-20T18:30:28","guid":{"rendered":"https:\/\/blogs.correiobraziliense.com.br\/vicente\/?p=2079"},"modified":"2016-07-20T17:55:27","modified_gmt":"2016-07-20T20:55:27","slug":"temer-tenta-conter-estrago-de-pressao-para-bc-baixa-juros","status":"publish","type":"post","link":"https:\/\/blogs.correiobraziliense.com.br\/vicente\/temer-tenta-conter-estrago-de-pressao-para-bc-baixa-juros\/","title":{"rendered":"Temer tenta conter estrago de press\u00e3o para BC baixar juros"},"content":{"rendered":"<p>NAIRA TRINDADE<\/p>\n<p>&nbsp;<\/p>\n<p>O filme que se via constantemente no governo de Dilma Rousseff j\u00e1 est\u00e1 se repetindo, com for\u00e7a, na administra\u00e7\u00e3o do presidente interino, Michel Temer. O peemedebista foi obrigado a soltar um comunicado p\u00fablico hoje para reafirmar que o Banco Central, que est\u00e1 reunido para definir os rumos da taxa b\u00e1sica de juros (Selic), tem total autonomia para conduzir a pol\u00edtica monet\u00e1ria a fim de combater a infla\u00e7\u00e3o.<\/p>\n<p>&nbsp;<\/p>\n<p>\u201cO Banco Central tem plena autonomia para definir a taxa de juros. A pol\u00edtica monet\u00e1ria tem como prioridade combater a infla\u00e7\u00e3o, este \u00e9 o objetivo central do meu governo\u201d, afirmou Temer, por meio da Secretaria de Imprensa da Presid\u00eancia.<\/p>\n<p>&nbsp;<\/p>\n<p>As declara\u00e7\u00f5es do interino tiveram como objetivo reduzir o impacto negativo das manifesta\u00e7\u00f5es do ministro da Casa Civil, Eliseu Padilha. Ele disse que Temer \u201cv\u00ea com bons olhos\u201d uma eventual redu\u00e7\u00e3o da taxa de juros. \u201cSe analisarmos todos os indicadores, vamos ver que os economistas do Brasil est\u00e3o dizendo que, for\u00e7osamente, teremos queda nos juros. Isso agrada o presidente, e ele v\u00ea com bons olhos se n\u00f3s pudermos (reduzir a taxa Selic). Mas temos que respeitar a autonomia do BC\u201d, disse Padilha, ap\u00f3s uma reuni\u00e3o no Pal\u00e1cio do Planalto.<\/p>\n<p>&nbsp;<\/p>\n<p>Padilha, no entanto, s\u00f3 refor\u00e7ou o que Temer vem dizendo h\u00e1 tempos. Na semana passada, por diversas vezes, o presidente interino afirmou que pediria \u00e0 equipe econ\u00f4mica para reduzir os juros. A medida atingiria o Banco Central e os bancos p\u00fablicos. mais precisamente o Banco do Brasil e a Caixa Econ\u00f4mica Federal. As declara\u00e7\u00f5es repercutiram mal entre os diretores comandados por Ilan Goldfajn, mas a autoridade monet\u00e1ria preferiu n\u00e3o se manifestar para n\u00e3o alimentar a pol\u00eamica.<\/p>\n<p>Na vis\u00e3o dos investidores, \u00e9 terr\u00edvel que o governo, que prometeu dar autonomia em lei ao BC, inclusive com mandatos fixos para os diretores, retome um dos piores v\u00edcios da administra\u00e7\u00e3o de Dilma: tentar interferir na pol\u00edtica monet\u00e1ria. A petista destruiu a credibilidade do banco, que, acreditava-se, seria reconstru\u00edda com o governo Temer e a nomea\u00e7\u00e3o de Ilan para o comando da institui\u00e7\u00e3o. Esse velho filme, certamente, far\u00e1 muito mal ao pa\u00eds.<\/p>\n<p>&nbsp;<\/p>\n<p><em>Bras\u00edlia, 15h30min<\/em><\/p>\n","protected":false},"excerpt":{"rendered":"<p>NAIRA TRINDADE &nbsp; O filme que se via constantemente no governo de Dilma Rousseff j\u00e1 est\u00e1 se repetindo, com for\u00e7a, na administra\u00e7\u00e3o do presidente interino, Michel Temer. O peemedebista foi obrigado a soltar um comunicado p\u00fablico hoje para reafirmar que o Banco Central, que est\u00e1 reunido para definir os rumos da taxa b\u00e1sica de juros [&hellip;]<\/p>\n","protected":false},"author":22,"featured_media":0,"comment_status":"open","ping_status":"closed","sticky":false,"template":"","format":"standard","meta":{"footnotes":""},"categories":[600],"tags":[],"class_list":["post-2079","post","type-post","status-publish","format-standard","hentry","category-economia"],"_links":{"self":[{"href":"https:\/\/blogs.correiobraziliense.com.br\/vicente\/wp-json\/wp\/v2\/posts\/2079","targetHints":{"allow":["GET"]}}],"collection":[{"href":"https:\/\/blogs.correiobraziliense.com.br\/vicente\/wp-json\/wp\/v2\/posts"}],"about":[{"href":"https:\/\/blogs.correiobraziliense.com.br\/vicente\/wp-json\/wp\/v2\/types\/post"}],"author":[{"embeddable":true,"href":"https:\/\/blogs.correiobraziliense.com.br\/vicente\/wp-json\/wp\/v2\/users\/22"}],"replies":[{"embeddable":true,"href":"https:\/\/blogs.correiobraziliense.com.br\/vicente\/wp-json\/wp\/v2\/comments?post=2079"}],"version-history":[{"count":2,"href":"https:\/\/blogs.correiobraziliense.com.br\/vicente\/wp-json\/wp\/v2\/posts\/2079\/revisions"}],"predecessor-version":[{"id":2083,"href":"https:\/\/blogs.correiobraziliense.com.br\/vicente\/wp-json\/wp\/v2\/posts\/2079\/revisions\/2083"}],"wp:attachment":[{"href":"https:\/\/blogs.correiobraziliense.com.br\/vicente\/wp-json\/wp\/v2\/media?parent=2079"}],"wp:term":[{"taxonomy":"category","embeddable":true,"href":"https:\/\/blogs.correiobraziliense.com.br\/vicente\/wp-json\/wp\/v2\/categories?post=2079"},{"taxonomy":"post_tag","embeddable":true,"href":"https:\/\/blogs.correiobraziliense.com.br\/vicente\/wp-json\/wp\/v2\/tags?post=2079"}],"curies":[{"name":"wp","href":"https:\/\/api.w.org\/{rel}","templated":true}]}}