{"id":2075,"date":"2016-07-20T15:01:06","date_gmt":"2016-07-20T18:01:06","guid":{"rendered":"https:\/\/blogs.correiobraziliense.com.br\/vicente\/?p=2075"},"modified":"2016-07-20T15:30:59","modified_gmt":"2016-07-20T18:30:59","slug":"sem-pacote-e-sem-contingenciamento-de-gastos","status":"publish","type":"post","link":"https:\/\/blogs.correiobraziliense.com.br\/vicente\/sem-pacote-e-sem-contingenciamento-de-gastos\/","title":{"rendered":"Sem pacote e sem contingenciamento de gastos"},"content":{"rendered":"<p>Est\u00e1 uma guerra dentro do governo, uma bate\u00e7\u00e3o total de cabe\u00e7a entre a ala pol\u00edtica e a equipe econ\u00f4mica.<\/p>\n<p>&nbsp;<\/p>\n<p>Depois de conseguir barrar o an\u00fancio de um pacote de est\u00edmulos \u00e0 economia, defendido pelo grupo pol\u00edtico instalado no Pal\u00e1cio do Planalto, a equipe chefiada pelo ministro da Fazenda, Henrique Meirelles, foi obrigada a suspender a divulga\u00e7\u00e3o de um contingenciamento de gastos de at\u00e9 R$ 20 bilh\u00f5es, que ocorreria na sexta-feira.<\/p>\n<p>&nbsp;<\/p>\n<p>A justificativa no Planalto \u00e9 a de que, como n\u00e3o houve incentivos \u00e0 economia, n\u00e3o h\u00e1 porque fazer, neste momento, um arrocho t\u00e3o forte nas despesas, j\u00e1 que o pa\u00eds continua mergulhado na recess\u00e3o.<\/p>\n<p>&nbsp;<\/p>\n<p>A equipe econ\u00f4mica queria dar um sinal efetivo de curto prazo de que est\u00e1 batalhando por um ajuste fiscal consistente, por\u00e9m, o grupo liderado por Eliseu Padilha (Casa Civil) e Geddel Vieira Lima (Secretaria de Governo) argumenta que o aperto est\u00e1 forte demais e pode sufocar a recupera\u00e7\u00e3o da atividade, minando os ganhos pol\u00edticos que o presidente interino, Michel Temer, vem acumulando.<\/p>\n<p>&nbsp;<\/p>\n<p>Haja confus\u00e3o.<\/p>\n<p>&nbsp;<\/p>\n<p><em>Bras\u00edlia, 15h01min<\/em><\/p>\n","protected":false},"excerpt":{"rendered":"<p>Est\u00e1 uma guerra dentro do governo, uma bate\u00e7\u00e3o total de cabe\u00e7a entre a ala pol\u00edtica e a equipe econ\u00f4mica. &nbsp; Depois de conseguir barrar o an\u00fancio de um pacote de est\u00edmulos \u00e0 economia, defendido pelo grupo pol\u00edtico instalado no Pal\u00e1cio do Planalto, a equipe chefiada pelo ministro da Fazenda, Henrique Meirelles, foi obrigada a suspender [&hellip;]<\/p>\n","protected":false},"author":22,"featured_media":0,"comment_status":"open","ping_status":"closed","sticky":false,"template":"","format":"standard","meta":{"footnotes":""},"categories":[600],"tags":[734,735,564,720,725,21,97],"class_list":["post-2075","post","type-post","status-publish","format-standard","hentry","category-economia","tag-contingenciamento","tag-corte-de-gastos","tag-eliseu-padilha","tag-estimulos-a-economia","tag-geddel-vieira-lima","tag-henrique-meirelles","tag-pacote"],"_links":{"self":[{"href":"https:\/\/blogs.correiobraziliense.com.br\/vicente\/wp-json\/wp\/v2\/posts\/2075","targetHints":{"allow":["GET"]}}],"collection":[{"href":"https:\/\/blogs.correiobraziliense.com.br\/vicente\/wp-json\/wp\/v2\/posts"}],"about":[{"href":"https:\/\/blogs.correiobraziliense.com.br\/vicente\/wp-json\/wp\/v2\/types\/post"}],"author":[{"embeddable":true,"href":"https:\/\/blogs.correiobraziliense.com.br\/vicente\/wp-json\/wp\/v2\/users\/22"}],"replies":[{"embeddable":true,"href":"https:\/\/blogs.correiobraziliense.com.br\/vicente\/wp-json\/wp\/v2\/comments?post=2075"}],"version-history":[{"count":3,"href":"https:\/\/blogs.correiobraziliense.com.br\/vicente\/wp-json\/wp\/v2\/posts\/2075\/revisions"}],"predecessor-version":[{"id":2078,"href":"https:\/\/blogs.correiobraziliense.com.br\/vicente\/wp-json\/wp\/v2\/posts\/2075\/revisions\/2078"}],"wp:attachment":[{"href":"https:\/\/blogs.correiobraziliense.com.br\/vicente\/wp-json\/wp\/v2\/media?parent=2075"}],"wp:term":[{"taxonomy":"category","embeddable":true,"href":"https:\/\/blogs.correiobraziliense.com.br\/vicente\/wp-json\/wp\/v2\/categories?post=2075"},{"taxonomy":"post_tag","embeddable":true,"href":"https:\/\/blogs.correiobraziliense.com.br\/vicente\/wp-json\/wp\/v2\/tags?post=2075"}],"curies":[{"name":"wp","href":"https:\/\/api.w.org\/{rel}","templated":true}]}}