{"id":20724,"date":"2021-08-28T17:01:31","date_gmt":"2021-08-28T20:01:31","guid":{"rendered":"https:\/\/blogs.correiobraziliense.com.br\/vicente\/?p=20724"},"modified":"2021-08-28T22:35:14","modified_gmt":"2021-08-29T01:35:14","slug":"bancos-privados-defendem-apoio-da-febraban-a-democracia-e-bb-e-caixa-rompem-com-a-instituicao","status":"publish","type":"post","link":"https:\/\/blogs.correiobraziliense.com.br\/vicente\/bancos-privados-defendem-apoio-da-febraban-a-democracia-e-bb-e-caixa-rompem-com-a-instituicao\/","title":{"rendered":"Bancos privados defendem apoio da Febraban \u00e0 democracia e BB e Caixa rompem com a institui\u00e7\u00e3o"},"content":{"rendered":"<h2>Uma crise sem precedentes rachou a Federa\u00e7\u00e3o Brasileira de Bancos (Febraban). Em vota\u00e7\u00e3o vencida pelas institui\u00e7\u00f5es privadas, lideradas por Bradesco, Ita\u00fa Unibanco e Santander, a entidade assinar\u00e1 um manifesto em apoio \u00e0 democracia. O documento, intitulado &#8220;A pra\u00e7a \u00e9 dos Tr\u00eas Poderes&#8221;, conta com o apoio de v\u00e1rias representa\u00e7\u00f5es do setor produtivo.<\/h2>\n<p>&nbsp;<\/p>\n<p>Contr\u00e1rios \u00e0 ades\u00e3o ao manifesto, o Banco do Brasil e a Caixa decidiram romper com a Febraban, conforme antecipou o colunista Lauro Jardim, de <em>O Globo<\/em>, informa\u00e7\u00e3o confirmada pelo <strong>Blog<\/strong> com dois banqueiros e dois integrantes do governo. O rompimento do BB e da Caixa recebeu o aval do presidente Jair Bolsonaro, do ministro da Economia, Paulo Guedes, e do presidente do Banco Central, Roberto Campos Neto.<\/p>\n<p>&nbsp;<\/p>\n<p>No governo, o manifesto, organizado pelo presidente da Federa\u00e7\u00e3o das Ind\u00fastrias de S\u00e3o Paulo (Fiesp), Paulo Skaf, \u00e9 visto como um &#8220;acinte&#8221;, pois, segundo assessores do Pal\u00e1cio do Planalto, &#8220;tem o claro objetivo de atingir o presidente Bolsonaro&#8221;. Para esses auxiliares do presidente, a press\u00e3o pol\u00edtica sobre o governo \u00e9 &#8220;inaceit\u00e1vel&#8221;. Eles dizem que Bolsonaro &#8220;tem o direito de confrontar os excessos cometidos pelo Supremo Tribunal Federal (STF)&#8221;.<\/p>\n<p>&nbsp;<\/p>\n<p><strong>Movimentos golpistas<\/strong><\/p>\n<p>&nbsp;<\/p>\n<p>Bancos e empresas est\u00e3o muito preocupados com os movimentos golpistas liderados pelo presidente da Rep\u00fablica. Neste s\u00e1bado (28\/08), ele disse, em Goi\u00e2nia, que &#8220;s\u00f3 existem dois Poderes, o Legislativo e o Judici\u00e1rio&#8221;. E que s\u00f3 h\u00e1 tr\u00eas alternativas para seu futuro: &#8220;Ser preso, morto ou a vit\u00f3ria (em 2022)&#8221;.<\/p>\n<p>&nbsp;<\/p>\n<p>&#8220;As\u00a0entidades da sociedade civil que assinam este manifesto veem com grande preocupa\u00e7\u00e3o a escalada de tens\u00f5es e hostilidades entre as autoridades p\u00fablicas. O momento exige de todos serenidade, di\u00e1logo, pacifica\u00e7\u00e3o pol\u00edtica, estabilidade institucional e, sobretudo, foco em a\u00e7\u00f5es e medidas urgentes e necess\u00e1rias para que o Brasil supere a pandemia,\u00a0volte a crescer, a gerar empregos e, assim, possa reduzir as car\u00eancias sociais que atingem amplos segmentos da popula\u00e7\u00e3o\u201d, diz um dos trechos do manifesto.<\/p>\n<p>&nbsp;<\/p>\n<p>Tanto os bancos quanto as empresas afirmam que o governo se transformou em uma central de crises, e isso est\u00e1 minando a capacidade do pa\u00eds de retomar o crescimento econ\u00f4mico. O Planalto rebate: diz que a economia est\u00e1 em franco processo e recupera\u00e7\u00e3o e criando milhares de empregos formais. &#8220;O que temos visto \u00e9 que a Febraban e outras entidades passaram a fazer ativismo pol\u00edtico&#8221;, diz um integrante da equipe econ\u00f4mica.<\/p>\n<p>&nbsp;<\/p>\n<p>Em nota enviada ao <strong>Blog<\/strong>, a Febraban diz que &#8220;n\u00e3o comenta sobre posi\u00e7\u00f5es atribu\u00eddas a seus associados&#8221;. E ressalta: &#8220;Sobre o manifesto articulado pela Federa\u00e7\u00e3o das Ind\u00fastrias do Estado de S\u00e3o Paulo (Fiesp) e dirigido a v\u00e1rias entidades, o assunto foi submetido \u00e0 governan\u00e7a da Febraban&#8221;.<\/p>\n<p>&nbsp;<\/p>\n","protected":false},"excerpt":{"rendered":"<p>Uma crise sem precedentes rachou a Federa\u00e7\u00e3o Brasileira de Bancos (Febraban). Em vota\u00e7\u00e3o vencida pelas institui\u00e7\u00f5es privadas, lideradas por Bradesco, Ita\u00fa Unibanco e Santander, a entidade assinar\u00e1 um manifesto em apoio \u00e0 democracia. O documento, intitulado &#8220;A pra\u00e7a \u00e9 dos Tr\u00eas Poderes&#8221;, conta com o apoio de v\u00e1rias representa\u00e7\u00f5es do setor produtivo. &nbsp; Contr\u00e1rios \u00e0 [&hellip;]<\/p>\n","protected":false},"author":22,"featured_media":11442,"comment_status":"open","ping_status":"closed","sticky":false,"template":"","format":"standard","meta":{"footnotes":""},"categories":[600],"tags":[5723,589,4943,2787],"class_list":["post-20724","post","type-post","status-publish","format-standard","has-post-thumbnail","hentry","category-economia","tag-bancos-privados-defendem-apoio-da-febraban-a-democracia-e-bb-e-caixa-rompem-com-a-instituicao","tag-economia","tag-financas","tag-politica"],"_links":{"self":[{"href":"https:\/\/blogs.correiobraziliense.com.br\/vicente\/wp-json\/wp\/v2\/posts\/20724","targetHints":{"allow":["GET"]}}],"collection":[{"href":"https:\/\/blogs.correiobraziliense.com.br\/vicente\/wp-json\/wp\/v2\/posts"}],"about":[{"href":"https:\/\/blogs.correiobraziliense.com.br\/vicente\/wp-json\/wp\/v2\/types\/post"}],"author":[{"embeddable":true,"href":"https:\/\/blogs.correiobraziliense.com.br\/vicente\/wp-json\/wp\/v2\/users\/22"}],"replies":[{"embeddable":true,"href":"https:\/\/blogs.correiobraziliense.com.br\/vicente\/wp-json\/wp\/v2\/comments?post=20724"}],"version-history":[{"count":3,"href":"https:\/\/blogs.correiobraziliense.com.br\/vicente\/wp-json\/wp\/v2\/posts\/20724\/revisions"}],"predecessor-version":[{"id":20727,"href":"https:\/\/blogs.correiobraziliense.com.br\/vicente\/wp-json\/wp\/v2\/posts\/20724\/revisions\/20727"}],"wp:featuredmedia":[{"embeddable":true,"href":"https:\/\/blogs.correiobraziliense.com.br\/vicente\/wp-json\/wp\/v2\/media\/11442"}],"wp:attachment":[{"href":"https:\/\/blogs.correiobraziliense.com.br\/vicente\/wp-json\/wp\/v2\/media?parent=20724"}],"wp:term":[{"taxonomy":"category","embeddable":true,"href":"https:\/\/blogs.correiobraziliense.com.br\/vicente\/wp-json\/wp\/v2\/categories?post=20724"},{"taxonomy":"post_tag","embeddable":true,"href":"https:\/\/blogs.correiobraziliense.com.br\/vicente\/wp-json\/wp\/v2\/tags?post=20724"}],"curies":[{"name":"wp","href":"https:\/\/api.w.org\/{rel}","templated":true}]}}