{"id":2071,"date":"2016-07-20T11:05:39","date_gmt":"2016-07-20T14:05:39","guid":{"rendered":"https:\/\/blogs.correiobraziliense.com.br\/vicente\/?p=2071"},"modified":"2016-07-20T11:27:25","modified_gmt":"2016-07-20T14:27:25","slug":"marcas-de-ilan-transparencia-ou-arrogancia","status":"publish","type":"post","link":"https:\/\/blogs.correiobraziliense.com.br\/vicente\/marcas-de-ilan-transparencia-ou-arrogancia\/","title":{"rendered":"Marcas de Ilan. Transpar\u00eancia ou arrog\u00e2ncia?"},"content":{"rendered":"<p>Desde que chegou ao Banco Central, Ilan Goldfajn promoveu uma s\u00e9rie de mudan\u00e7as na forma de comunica\u00e7\u00e3o do Comit\u00ea de Pol\u00edtica Monet\u00e1ria (Copom). Seus aliados dizem que n\u00e3o h\u00e1 nenhuma surpresa nisso, uma vez que, j\u00e1 no discurso de posse na presid\u00eancia da institui\u00e7\u00e3o, ele avisou sobre a necessidade de melhorar o di\u00e1logo do BC com a sociedade, ampliando a transpar\u00eancia.<\/p>\n<p>&nbsp;<\/p>\n<p>Mas h\u00e1 gente de mercado dizendo que Ilan est\u00e1 indo depressa demais nas altera\u00e7\u00f5es das regras do Copom. Ele come\u00e7ou com a mudan\u00e7a do hor\u00e1rio no segundo dia de reuni\u00e3o do Comit\u00ea. O encontro come\u00e7ar\u00e1 \u00e0s 14h30 e n\u00e3o mais as 16h30. Tamb\u00e9m antecipou a divulga\u00e7\u00e3o da ata da reuni\u00e3o de quinta para a ter\u00e7a-feira seguinte \u00e0 decis\u00e3o sobre a taxa b\u00e1sica de de juros (Selic).<\/p>\n<p>&nbsp;<\/p>\n<p>Agora, o BC informa que vai acabar com a coletiva de imprensa na qual anunciava o resultado do Copom e s\u00f3 publicar\u00e1 a decis\u00e3o sobre a Selic no site da institui\u00e7\u00e3o. Tamb\u00e9m mudar\u00e3o o comunicado p\u00f3s-reuni\u00e3o e o formato da ata que detalha os motivos que embasaram a posi\u00e7\u00e3o do Comit\u00ea.<\/p>\n<p>&nbsp;<\/p>\n<p>H\u00e1 quem diga que, por arrog\u00e2ncia, Ilan quer deixar sua marca no Copom. O grupo do mercado que defende essa tese diz que mudan\u00e7as bruscas, sobretudo no comunicado e na ata, podem ser perigosas, por deixarem os especialistas sem par\u00e2metros de compara\u00e7\u00e3o.<\/p>\n<p>&nbsp;<\/p>\n<p>A falta de detalhamento sobre as mudan\u00e7as no Copom anunciadas nesta quarta-feira, dia de decis\u00e3o do Copom, est\u00e1 gerando uma s\u00e9rie de especula\u00e7\u00f5es. Dizem que o comunicado p\u00f3s-Copom seguir\u00e1 o modelo usado pelo BC do Chile, com tr\u00eas par\u00e1grafos e mais detalhes sobre o que pensa a autoridade monet\u00e1ria, em vez de apenas poucas linhas, como prevalece aqui. Ressaltam, tamb\u00e9m, que a ata ser\u00e1 mais curta e menos herm\u00e9tica como a atual.<\/p>\n<p>&nbsp;<\/p>\n<p>Se queria provocar alvoro\u00e7o no mercado em dia de reuni\u00e3o no BC, Ilan conseguiu. At\u00e9 porque a decis\u00e3o sobre a Selic est\u00e1 praticamente dada: ficar\u00e1 em 14,25% ao ano por mais uma temporada.<\/p>\n<p>&nbsp;<\/p>\n<p><em>Bras\u00edlia, 11h05min<\/em><\/p>\n","protected":false},"excerpt":{"rendered":"<p>Desde que chegou ao Banco Central, Ilan Goldfajn promoveu uma s\u00e9rie de mudan\u00e7as na forma de comunica\u00e7\u00e3o do Comit\u00ea de Pol\u00edtica Monet\u00e1ria (Copom). Seus aliados dizem que n\u00e3o h\u00e1 nenhuma surpresa nisso, uma vez que, j\u00e1 no discurso de posse na presid\u00eancia da institui\u00e7\u00e3o, ele avisou sobre a necessidade de melhorar o di\u00e1logo do BC [&hellip;]<\/p>\n","protected":false},"author":22,"featured_media":0,"comment_status":"open","ping_status":"closed","sticky":false,"template":"","format":"standard","meta":{"footnotes":""},"categories":[600],"tags":[728,730,3,729,731,99,107,727],"class_list":["post-2071","post","type-post","status-publish","format-standard","hentry","category-economia","tag-arrogancia","tag-ata","tag-banco-central","tag-chile","tag-comunicado-pos-reuniao","tag-copom","tag-ilan-goldfajn","tag-mudancas"],"_links":{"self":[{"href":"https:\/\/blogs.correiobraziliense.com.br\/vicente\/wp-json\/wp\/v2\/posts\/2071","targetHints":{"allow":["GET"]}}],"collection":[{"href":"https:\/\/blogs.correiobraziliense.com.br\/vicente\/wp-json\/wp\/v2\/posts"}],"about":[{"href":"https:\/\/blogs.correiobraziliense.com.br\/vicente\/wp-json\/wp\/v2\/types\/post"}],"author":[{"embeddable":true,"href":"https:\/\/blogs.correiobraziliense.com.br\/vicente\/wp-json\/wp\/v2\/users\/22"}],"replies":[{"embeddable":true,"href":"https:\/\/blogs.correiobraziliense.com.br\/vicente\/wp-json\/wp\/v2\/comments?post=2071"}],"version-history":[{"count":1,"href":"https:\/\/blogs.correiobraziliense.com.br\/vicente\/wp-json\/wp\/v2\/posts\/2071\/revisions"}],"predecessor-version":[{"id":2072,"href":"https:\/\/blogs.correiobraziliense.com.br\/vicente\/wp-json\/wp\/v2\/posts\/2071\/revisions\/2072"}],"wp:attachment":[{"href":"https:\/\/blogs.correiobraziliense.com.br\/vicente\/wp-json\/wp\/v2\/media?parent=2071"}],"wp:term":[{"taxonomy":"category","embeddable":true,"href":"https:\/\/blogs.correiobraziliense.com.br\/vicente\/wp-json\/wp\/v2\/categories?post=2071"},{"taxonomy":"post_tag","embeddable":true,"href":"https:\/\/blogs.correiobraziliense.com.br\/vicente\/wp-json\/wp\/v2\/tags?post=2071"}],"curies":[{"name":"wp","href":"https:\/\/api.w.org\/{rel}","templated":true}]}}