{"id":20664,"date":"2021-08-27T14:25:48","date_gmt":"2021-08-27T17:25:48","guid":{"rendered":"https:\/\/blogs.correiobraziliense.com.br\/vicente\/?p=20664"},"modified":"2021-08-27T16:14:26","modified_gmt":"2021-08-27T19:14:26","slug":"arthur-lira-diz-que-nao-vai-ter-nada-no-7-de-setembro","status":"publish","type":"post","link":"https:\/\/blogs.correiobraziliense.com.br\/vicente\/arthur-lira-diz-que-nao-vai-ter-nada-no-7-de-setembro\/","title":{"rendered":"Arthur Lira diz que &#8220;n\u00e3o vai ter nada no Sete de Setembro&#8221;"},"content":{"rendered":"<h2><span style=\"font-weight: 400\">ROSANA HESSEL<\/span><\/h2>\n<h2><\/h2>\n<h2>O presidente da C\u00e2mara dos Deputados, Arthur Lira (PP-AL)\u00a0<span style=\"font-weight: 400\">tentou acalmar o mercado financeiro sobre a quest\u00e3o dos conflitos nas ruas no feriado de Sete de Setembro entre apoiadores do presidente Jair Bolsonaro (sem partido) e opositores. Segundo ele, n\u00e3o haver\u00e1 conflitos no feriado.\u00a0<\/span><\/h2>\n<p>&nbsp;<\/p>\n<p><span style=\"font-weight: 400\">&#8220;S\u00f3 se fala em Sete de Setembro. O humor das Bolsas e dos mercado est\u00e1 na hip\u00f3tese do Sete de Setembro. Pelo amor de Deus. N\u00e3o haver\u00e1 nada (de confus\u00e3o) no Sete de Setembro&#8221;, bradou Lira, nesta sexta-feira (27\/08), durante evento em S\u00e3o Paulo para empres\u00e1rios e investidores organizado pela Esfera Brasil em parceria com a Federa\u00e7\u00e3o Brasileira de Bancos (Febraban).\u00a0<\/span>Alguns cogitam at\u00e9 mesmo uma invas\u00e3o do Congresso Nacional ou do Supremo Tribunal Federal (STF) no dia da proclama\u00e7\u00e3o da Independ\u00eancia do Brasil.<\/p>\n<p>&nbsp;<\/p>\n<p><span style=\"font-weight: 400\">&#8220;Todos aqui, numa quest\u00e3o muito pr\u00e1tica, t\u00eam que concordar comigo que o presidente Bolsonaro \u00e9 quem pauta este pa\u00eds. Certo ou errado, ele pautou a situa\u00e7\u00e3o do voto impresso e, agora, como Sete de Setembro. Nunca se falou tanto 7 de setembro, pelo menos desde que eu me entendo por gente&#8221;, disse.<\/span><\/p>\n<p>&nbsp;<\/p>\n<p>De acordo com o parlamentar, ser\u00e1 preciso que o governo e as autoridades se esforcem para que os movimentos de rua aconte\u00e7am, grandes ou pequenos, e que sejam pac\u00edficos e ainda refor\u00e7ou que o Congresso \u00e9 &#8220;reformista e apaziguador&#8221;. &#8220;A gente tem trabalhado para distensionar, dirimir e exterminar com as vers\u00f5es. Esse sempre tem sido o meu lema&#8221;, afirmou.<\/p>\n<p>&nbsp;<\/p>\n<p>Ao lado do presidente do Banco Central, Roberto Campos Neto, no evento voltado para empres\u00e1rio, Lira elogiou a decis\u00e3o do Supremo Tribunal Federal (STF) de manter a decis\u00e3o do Congresso Nacional, que aprovou a autonomia do Banco Central, um dos primeiros projetos que ele colocou na pauta da C\u00e2mara para ser votado quando assumiu a presid\u00eancia da Casa. &#8220;Em boa hora, o Supremo ratificou o Banco Central independente. N\u00e3o tenho d\u00favidas de que teremos quatro anos de uma gest\u00e3o monet\u00e1ria espetacular e com muita compet\u00eancia&#8221;, disse o parlamentar referindo-se a Campos Neto. <a href=\"https:\/\/blogs.correiobraziliense.com.br\/vicente\/lira-e-campos-neto-alinham-discurso-de-garantia-da-responsabilidade-fiscal\/\">Ambos alinharam o discurso, durante o evento, visando disseminar a desconfian\u00e7a em torno da quest\u00e3o fiscal.\u00a0<\/a><\/p>\n<p>&nbsp;<\/p>\n<p>O presidente da C\u00e2mara tamb\u00e9m criticou o fato de um \u00fanico parlamentar poder questionar na Justi\u00e7a uma decis\u00e3o de mais de 400 deputados ou de 70 senadores. Ele, inclusive, defendeu uma &#8220;lei que dificulte uma ADI (A\u00e7\u00e3o Direta de Inconstitucionalidade ) por qualquer pessoa&#8221;.<\/p>\n<p>&nbsp;<\/p>\n<p>Lira reclamou do fato de ser chamado de &#8220;a\u00e7odado&#8221; ou de &#8220;trator&#8221; na gest\u00e3o da presid\u00eancia da C\u00e2mara, pois muitos parlamentares dizem que ele negocia com &#8220;a faca no pesco\u00e7o&#8221;. Ele negou essa fama e refor\u00e7ou o respeito \u00e0s regras fiscais e ao teto de gastos. &#8220;Quem est\u00e1 l\u00e1 dentro sabe que todas as pautas s\u00e3o discutidas democraticamente. N\u00f3s estamos sempre em busca de dar apoio \u00e0 democracia e, se depender de n\u00f3s, n\u00e3o h\u00e1 ruptura institucional e n\u00e3o h\u00e1 possibilidade\u00a0 de furar o teto&#8221;, afirmou.\u00a0\u00a0<b><\/b><\/p>\n<p>&nbsp;<\/p>\n<p>Em rela\u00e7\u00e3o \u00e0s discuss\u00f5es do novo c\u00f3digo eleitoral, Lira criticou os questionamentos das mudan\u00e7as e disse que h\u00e1 &#8220;vers\u00f5es fantasiosas&#8221; sobre as quest\u00f5es de g\u00eanero. &#8220;A relatora \u00e9 uma mulher e a C\u00e2mara tem posturas absolutamente democr\u00e1ticas&#8221;, disse.<\/p>\n<p>&nbsp;<\/p>\n","protected":false},"excerpt":{"rendered":"<p>ROSANA HESSEL O presidente da C\u00e2mara dos Deputados, Arthur Lira (PP-AL)\u00a0tentou acalmar o mercado financeiro sobre a quest\u00e3o dos conflitos nas ruas no feriado de Sete de Setembro entre apoiadores do presidente Jair Bolsonaro (sem partido) e opositores. Segundo ele, n\u00e3o haver\u00e1 conflitos no feriado.\u00a0 &nbsp; &#8220;S\u00f3 se fala em Sete de Setembro. O humor [&hellip;]<\/p>\n","protected":false},"author":22,"featured_media":16756,"comment_status":"open","ping_status":"closed","sticky":false,"template":"","format":"standard","meta":{"footnotes":""},"categories":[600],"tags":[5717,4127,3,335,370,3714],"class_list":["post-20664","post","type-post","status-publish","format-standard","has-post-thumbnail","hentry","category-economia","tag-7-de-setembro","tag-arthur-lira","tag-banco-central","tag-confianca","tag-manifestacoes","tag-roberto-campos-neto"],"_links":{"self":[{"href":"https:\/\/blogs.correiobraziliense.com.br\/vicente\/wp-json\/wp\/v2\/posts\/20664","targetHints":{"allow":["GET"]}}],"collection":[{"href":"https:\/\/blogs.correiobraziliense.com.br\/vicente\/wp-json\/wp\/v2\/posts"}],"about":[{"href":"https:\/\/blogs.correiobraziliense.com.br\/vicente\/wp-json\/wp\/v2\/types\/post"}],"author":[{"embeddable":true,"href":"https:\/\/blogs.correiobraziliense.com.br\/vicente\/wp-json\/wp\/v2\/users\/22"}],"replies":[{"embeddable":true,"href":"https:\/\/blogs.correiobraziliense.com.br\/vicente\/wp-json\/wp\/v2\/comments?post=20664"}],"version-history":[{"count":7,"href":"https:\/\/blogs.correiobraziliense.com.br\/vicente\/wp-json\/wp\/v2\/posts\/20664\/revisions"}],"predecessor-version":[{"id":20700,"href":"https:\/\/blogs.correiobraziliense.com.br\/vicente\/wp-json\/wp\/v2\/posts\/20664\/revisions\/20700"}],"wp:featuredmedia":[{"embeddable":true,"href":"https:\/\/blogs.correiobraziliense.com.br\/vicente\/wp-json\/wp\/v2\/media\/16756"}],"wp:attachment":[{"href":"https:\/\/blogs.correiobraziliense.com.br\/vicente\/wp-json\/wp\/v2\/media?parent=20664"}],"wp:term":[{"taxonomy":"category","embeddable":true,"href":"https:\/\/blogs.correiobraziliense.com.br\/vicente\/wp-json\/wp\/v2\/categories?post=20664"},{"taxonomy":"post_tag","embeddable":true,"href":"https:\/\/blogs.correiobraziliense.com.br\/vicente\/wp-json\/wp\/v2\/tags?post=20664"}],"curies":[{"name":"wp","href":"https:\/\/api.w.org\/{rel}","templated":true}]}}