{"id":20633,"date":"2021-08-26T16:37:26","date_gmt":"2021-08-26T19:37:26","guid":{"rendered":"https:\/\/blogs.correiobraziliense.com.br\/vicente\/?p=20633"},"modified":"2021-08-28T15:20:54","modified_gmt":"2021-08-28T18:20:54","slug":"bolsonaro-comemora-fracasso-de-biden-no-afeganistao-para-ele-com-trump-isso-nao-teria-acontecido","status":"publish","type":"post","link":"https:\/\/blogs.correiobraziliense.com.br\/vicente\/bolsonaro-comemora-fracasso-de-biden-no-afeganistao-para-ele-com-trump-isso-nao-teria-acontecido\/","title":{"rendered":"Bolsonaro comemora fracasso de Biden no Afeganist\u00e3o. Para ele, com Trump, isso n\u00e3o teria acontecido"},"content":{"rendered":"<h2>O presidente Jair Bolsonaro est\u00e1 feliz da vida com o fracasso do presidente dos Estados Unidos, Joe Biden, no Afeganist\u00e3o. Segundo assessores do Pal\u00e1cio do Planalto, para Bolsonaro, se Donald Trump tivesse sido eleito, n\u00e3o teria ocorrido o desastre que o mundo est\u00e1 assistindo no pa\u00eds asi\u00e1tico.<\/h2>\n<p>&nbsp;<\/p>\n<p>Nesta quinta-feira (26\/08), o grupo terrorista estado isl\u00e2mico provocou a morte de pelo menos 60 pessoas em um atentado no aeroporto de Cabul. Das v\u00edtimas, ao menos 12 s\u00e3o soldados americanos. A viol\u00eancia caiu como uma bomba na Casa Branca.<\/p>\n<p>&nbsp;<\/p>\n<p>J\u00e1 era grande o descontentamento com Biden, que optou por uma retirada desastrada das tropas norte-americanas do Afeganist\u00e3o. As cenas de tumultos, com mortes, no aeroporto de Cabul, depois do an\u00fancio da retirada das tropas, chocaram a todos.<\/p>\n<p>&nbsp;<\/p>\n<p>N\u00e3o ser\u00e1 f\u00e1cil para Biden explicar as mortes de soldados norte-americanos. A opini\u00e3o p\u00fablica est\u00e1 contra ele. Nos EUA, aliados de Trump est\u00e3o prontos para incens\u00e1-lo. No Brasil, Bolsonaro j\u00e1 afiou o discurso de que, com ele no governo, a linha dura ser\u00e1 a mola-mestra. Segundo ele, nada de eleger um \u201cBiden no Brasil\u201d em 2022.<\/p>\n<p>&nbsp;<\/p>\n<p><em>Bras\u00edlia, 16h37min<\/em><\/p>\n","protected":false},"excerpt":{"rendered":"<p>O presidente Jair Bolsonaro est\u00e1 feliz da vida com o fracasso do presidente dos Estados Unidos, Joe Biden, no Afeganist\u00e3o. Segundo assessores do Pal\u00e1cio do Planalto, para Bolsonaro, se Donald Trump tivesse sido eleito, n\u00e3o teria ocorrido o desastre que o mundo est\u00e1 assistindo no pa\u00eds asi\u00e1tico. &nbsp; Nesta quinta-feira (26\/08), o grupo terrorista estado [&hellip;]<\/p>\n","protected":false},"author":22,"featured_media":13776,"comment_status":"open","ping_status":"closed","sticky":false,"template":"","format":"standard","meta":{"footnotes":""},"categories":[600],"tags":[5714,378,5715,4954,2526,2787],"class_list":["post-20633","post","type-post","status-publish","format-standard","has-post-thumbnail","hentry","category-economia","tag-bolsonaro-comemora-fracasso-de-biden-no-afeganistao-para-ele","tag-brasil","tag-com-trump-isso-nao-teria-acontecido","tag-internacional","tag-poder","tag-politica"],"_links":{"self":[{"href":"https:\/\/blogs.correiobraziliense.com.br\/vicente\/wp-json\/wp\/v2\/posts\/20633","targetHints":{"allow":["GET"]}}],"collection":[{"href":"https:\/\/blogs.correiobraziliense.com.br\/vicente\/wp-json\/wp\/v2\/posts"}],"about":[{"href":"https:\/\/blogs.correiobraziliense.com.br\/vicente\/wp-json\/wp\/v2\/types\/post"}],"author":[{"embeddable":true,"href":"https:\/\/blogs.correiobraziliense.com.br\/vicente\/wp-json\/wp\/v2\/users\/22"}],"replies":[{"embeddable":true,"href":"https:\/\/blogs.correiobraziliense.com.br\/vicente\/wp-json\/wp\/v2\/comments?post=20633"}],"version-history":[{"count":8,"href":"https:\/\/blogs.correiobraziliense.com.br\/vicente\/wp-json\/wp\/v2\/posts\/20633\/revisions"}],"predecessor-version":[{"id":20723,"href":"https:\/\/blogs.correiobraziliense.com.br\/vicente\/wp-json\/wp\/v2\/posts\/20633\/revisions\/20723"}],"wp:featuredmedia":[{"embeddable":true,"href":"https:\/\/blogs.correiobraziliense.com.br\/vicente\/wp-json\/wp\/v2\/media\/13776"}],"wp:attachment":[{"href":"https:\/\/blogs.correiobraziliense.com.br\/vicente\/wp-json\/wp\/v2\/media?parent=20633"}],"wp:term":[{"taxonomy":"category","embeddable":true,"href":"https:\/\/blogs.correiobraziliense.com.br\/vicente\/wp-json\/wp\/v2\/categories?post=20633"},{"taxonomy":"post_tag","embeddable":true,"href":"https:\/\/blogs.correiobraziliense.com.br\/vicente\/wp-json\/wp\/v2\/tags?post=20633"}],"curies":[{"name":"wp","href":"https:\/\/api.w.org\/{rel}","templated":true}]}}