{"id":20618,"date":"2021-08-25T21:07:27","date_gmt":"2021-08-26T00:07:27","guid":{"rendered":"https:\/\/blogs.correiobraziliense.com.br\/vicente\/?p=20618"},"modified":"2021-08-27T23:34:58","modified_gmt":"2021-08-28T02:34:58","slug":"guedes-qual-e-o-problema-agora-se-a-energia-vai-ficar-um-pouco-mais-cara","status":"publish","type":"post","link":"https:\/\/blogs.correiobraziliense.com.br\/vicente\/guedes-qual-e-o-problema-agora-se-a-energia-vai-ficar-um-pouco-mais-cara\/","title":{"rendered":"Guedes: Qual \u00e9 o problema agora se a energia vai ficar um pouco mais cara?"},"content":{"rendered":"<h2>ROSANA HESSEL<\/h2>\n<h2><\/h2>\n<h2>Ap\u00f3s o pessimismo tomar conta do mercado financeiro nos \u00faltimos dias e as previs\u00f5es de crescimento do Produto Interno Bruto (PIB) de 2022 serem revisadas para baixo, o ministro da Economia, Paulo Guedes, resolveu colocar o bloco do otimismo na rua, e, mais uma vez, afirmou que o pa\u00eds &#8220;est\u00e1 surpreendendo&#8221; o mundo e que a economia &#8220;est\u00e1 se recuperando em V&#8221;, o que n\u00e3o \u00e9 um consenso entre especialistas. Al\u00e9m disso, minimizou a crise h\u00eddrica que est\u00e1 ajudando a pressionar a infla\u00e7\u00e3o, fazendo o Banco Central sinalizar aumento na taxa de juros b\u00e1sica (Selic), atualmente em 5,25%, acima do patamar neutro, em torno de 6,5% a 7,5%, o que significaria um freio para a retomada.<\/h2>\n<p>&nbsp;<\/p>\n<p>&#8220;Qual \u00e9 o problema agora se a energia vai ficar um pouco mais cara?&#8221;, questionou Guedes, nesta quarta-feira (25\/08), durante evento na C\u00e2mara dos Deputados de lan\u00e7amento da\u00a0Frente Parlamentar do Empreendedorismo, ao lado do\u00a0presidente da C\u00e2mara, Arthur Lira (PP-AL) e do presidente da Frente, deputado Marco Bertaiolli (PSD-SP). Segundo o ministro, \u00e9 preciso &#8220;tapar os ouvidos&#8221; para a gritaria por conta da antecipa\u00e7\u00e3o das elei\u00e7\u00f5es, porque os fundamentos fiscais &#8220;nunca estiveram t\u00e3o tranquilos&#8221;.<\/p>\n<p>&nbsp;<\/p>\n<p>&#8220;A\u00a0democracia \u00e9 barulhenta. Tapem os ouvidos, porque n\u00f3s vamos chegar do lado de l\u00e1. A economia j\u00e1 est\u00e1 saindo (da crise da pandemia)&#8221;, disse ele, voltando a chamar de &#8220;negacionistas&#8221; os economistas que n\u00e3o enxergam a retomada em V que ele diz estar ocorrendo tanto na atividade quanto na arrecada\u00e7\u00e3o, cujos dados da Receita Federal de julho apontaram um recorde hist\u00f3rico.\u00a0 &#8220;A economia est\u00e1 bombando e continua a narrativa de que o governo n\u00e3o est\u00e1 fazendo nada. Os negacionistas negam a for\u00e7a da economia brasileira&#8221;, refor\u00e7ou ele, defendendo a reforma do Imposto de Renda e a Proposta de Emenda Constitucional (PEC) que parcela o pagamento por 10 anos dos precat\u00f3rios &#8212; d\u00edvidas judiciais da Uni\u00e3o. Segundo o chefe da equipe econ\u00f4mica, o governo est\u00e1 conversando com os ministros do Supremo Tribunal Federal (STF) para encontrar uma solu\u00e7\u00e3o para essas d\u00edvidas judiciais por meio de uma modula\u00e7\u00e3o.<\/p>\n<p>&nbsp;<\/p>\n<p>Guedes ainda lamentou o fato de ter que abandonar a ideia do imposto sobre transa\u00e7\u00f5es financeiras, que seria uma esp\u00e9cie de nova CPMF para compensar a desonera\u00e7\u00e3o da folha, que ele tentou emplacar em 2019, mas n\u00e3o conseguiu. Segundo ele, a medida ajudaria a reduzir os 40 milh\u00f5es de &#8220;invis\u00edveis&#8221; que existem hoje no mercado informal, porque reduziria o custo de contrata\u00e7\u00e3o, mas n\u00e3o detalhou como o novo tributo incidiria sobre os contribuintes e qual seria a arrecada\u00e7\u00e3o, que s\u00e3o os argumentos dos cr\u00edticos que apontam aumento de carga tribut\u00e1ria com a volta da CPMF.<\/p>\n<p>&nbsp;<\/p>\n<p>Para Guedes, o Brasil surpreendeu no primeiro ano do governo do presidente Jair Bolsonaro, porque aprovou a reforma da Previd\u00eancia; surpreendeu no ano passado, quando o PIB caiu 4,1% enquanto as economias desenvolvidas tiveram quedas maiores, e, portanto, vai surpreender neste ano e pr\u00f3ximo tamb\u00e9m.\u00a0\u00a0&#8220;Estou muito confiante de que vamos atravessar (a crise). Se, no ano passado, que era o caos, n\u00f3s nos organizamos e conseguimos atravessar, porque vamos ter medo agora?&#8221;, questionou.<\/p>\n<p>&nbsp;<\/p>\n<p>O ministro minimizou os riscos da crise h\u00eddrica que j\u00e1 est\u00e1 fazendo o Minist\u00e9rio de Minas e Energia adotar medidas de racionamento de energia, incialmente, em grandes empresas que dever\u00e3o reduzir o consumo nos hor\u00e1rios de pico, por conta da crise energ\u00e9tica <a href=\"https:\/\/www.em.com.br\/app\/noticia\/economia\/2021\/08\/22\/internas_economia,1298342\/cenario-para-2022-piora-e-analistas-alertam-para-riscos-na-economia.shtml\">que bate \u00e0 porta da popula\u00e7\u00e3o e, inclusive, pode levar o pa\u00eds a um quadro de recess\u00e3o ou de estagfla\u00e7\u00e3o.<\/a>\u00a0\u00a0Hoje, inclusive, o presidente Bolsonaro assinou um <a href=\"https:\/\/www.correiobraziliense.com.br\/economia\/2021\/08\/4945805-bolsonaro-edita-decreto-para-reducao-de-10--a-20--no-consumo-de-energia-eletrica-no-setor-publico.html\">decreto em que determina redu\u00e7\u00e3o de at\u00e9 20% no consumo de energia do setor p\u00fablico. \u00a0<\/a><\/p>\n<p>&nbsp;<\/p>\n<p>Vale lembrar que a escassez de chuvas vem ajudando elevar em 9,3% na pr\u00e9via da infla\u00e7\u00e3o oficial (IPCA-15) no acumulado em 12 meses at\u00e9 a primeira quinzena de agosto.\u00a0 A crise energ\u00e9tica tamb\u00e9m contribui bastante para a alta de quase 33% no \u00cdndice Geral de Pre\u00e7os (IGP) em 12 meses at\u00e9 agosto. Para analistas, o IPCA n\u00e3o \u00e9 um bom indicador no momento para comparar o crescimento real da arrecada\u00e7\u00e3o federal, que de acordo com os dados da Receita Federal divulgados hoje, somaram R$ 1,053 trilh\u00e3o, de janeiro a julho.\u00a0Se considerarmos o IGP, que est\u00e1 pesando mais no bolso do brasileiro e descontar o crescimento nominal 34,70% na receita total acumulada nos primeiros sete meses do ano, a arrecada\u00e7\u00e3o, na verdade, n\u00e3o deu um salto de 26,11%, mas apenas andou de lado em rela\u00e7\u00e3o ao mesmo per\u00edodo de 2020.<\/p>\n<p>&nbsp;<\/p>\n<p>&nbsp;<\/p>\n<p><strong>Superavit prim\u00e1rio em 2022<\/strong><\/p>\n<p>&nbsp;<\/p>\n<p>Guedes voltou a afirmar que o governo conseguiu baixar os juros e conseguiu reduzir a rela\u00e7\u00e3o d\u00edvida-PIB no primeiro ano de governo, principalmente, por conta das devolu\u00e7\u00f5es dos aportes da Uni\u00e3o nos bancos p\u00fablicos. &#8220;N\u00f3s mudamos essa mistura de fiscal frouxo e juros altos&#8221;, disse.\u00a0 Pelas contas do ministro, o governo conseguiu reduzir a conta de juros em R$ 200 bilh\u00f5es nos primeiros dois anos de governo e ainda voltou a afirmar que, neste ano, a d\u00edvida p\u00fablica bruta vai voltar ao patamar pr\u00e9-pandemia e, em 2022, o governo vai conseguir zerar o deficit prim\u00e1rio das contas p\u00fablicas, ap\u00f3s o rombo fiscal chegar em 10% do PIB em 2020 devido \u00e0s medidas adotadas para minimizar os efeitos contra a pandemia da covid-19.<\/p>\n<p>&nbsp;<\/p>\n<p>&#8220;Neste ano, o deficit prim\u00e1rio volta para 1,7% do PIB e, da mesma forma, a d\u00edvida p\u00fablica que diziam que iria para 100% do PIB, ficou em 88% do PIB, em 2020, e, neste ano, pode voltar para onde estava quando a covid-19 nos pegou. \u00c9 poss\u00edvel que a gente tenha superavit no ano que vem&#8221;, afirmou. &#8220;O pa\u00eds lidou muito bem com a crise. E os empres\u00e1rios fizeram a sua parte, mantendo as linhas vitais da economia preservadas&#8221;, acrescentou Guedes, elogiando a iniciativa de cria\u00e7\u00e3o da Frente.\u00a0 Ele tamb\u00e9m comemorou o registro do Programa de Parcerias de Investimentos (PPI) de que h\u00e1 R$ 544 bilh\u00f5es de investimentos comprometidos para os pr\u00f3ximos 10 anos com concess\u00f5es e privatiza\u00e7\u00f5es federais e de entes federativos.<\/p>\n<p>&nbsp;<\/p>\n<p>Contudo, Guedes evitou comentar que,\u00a0desde mar\u00e7o, a Selic passou de 2% ao ano para 5,25%, e, pelas proje\u00e7\u00f5es do mercado, encerrar\u00e1 o ano entre 7,5% e 8%, o que significaria uma alta de 6,0 pontos percentuais nos juros b\u00e1sicos porque a infla\u00e7\u00e3o n\u00e3o d\u00e1 tr\u00e9gua. Conforme dados do Banco Central, cada 1% a mais na Selic implica em R$ 30,8 bilh\u00f5es na d\u00edvida p\u00fablica bruta em um ano. Com isso, se a Selic encerrar 2021 em 8%, o custo da d\u00edvida bruta vai crescer R$ 184,8 bilh\u00f5es, volume que praticamente anula a tal economia que Guedes disse que conseguiu proporcionar na d\u00edvida em dois anos.<\/p>\n<p>&nbsp;<\/p>\n<p>&#8220;Tem negacionista em rela\u00e7\u00e3o \u00e0 nossa recupera\u00e7\u00e3o econ\u00f4mica. Tem gente dizendo coisas que n\u00e3o s\u00e3o verdadeiras. Mas a m\u00eddia \u00e9 maior do que isso e tem que entender e ajudar&#8221;, afirmou. Guedes reconheceu, no entanto, que h\u00e1 excessos no governo, no parlamento e no Judici\u00e1rio que ajudam nesses ru\u00eddos. &#8220;Todo mundo trisca nas quatro linhas. Mas o importante \u00e9 que as institui\u00e7\u00f5es est\u00e3o se aperfei\u00e7oando&#8221;, disse.<\/p>\n<p>&nbsp;<\/p>\n<p>&nbsp;<\/p>\n<p>&nbsp;<\/p>\n<p><strong>Respeito<\/strong><\/p>\n<p>&nbsp;<\/p>\n<p>O ministro defendeu o respeito entre os Poderes como regra b\u00e1sica para diminuir o barulho. Ele disse que acredita no &#8220;funcionamento virtuoso da democracia&#8221;. &#8220;Acredito que as institui\u00e7\u00f5es v\u00e3o funcionar corretamente. E essa Frente Parlamentar \u00e9 um passo nessa dire\u00e7\u00e3o&#8221;, afirmou.<\/p>\n<p>&nbsp;<\/p>\n<p>Guedes ainda voltou a afirmar que \u00e9 preciso respeitar um presidente com 60 milh\u00f5es de votos, e, em seguida, disse que \u00e9 preciso que todos se respeitem, sem excessos, para preservar a democracia e evitar &#8220;brigas de rua&#8221;. &#8220;Sou testemunha de um governo que trabalha, de manh\u00e3, de tarde e de noite. Um governo como esse tem que ser respeitado&#8221;, frisou.<\/p>\n","protected":false},"excerpt":{"rendered":"<p>ROSANA HESSEL Ap\u00f3s o pessimismo tomar conta do mercado financeiro nos \u00faltimos dias e as previs\u00f5es de crescimento do Produto Interno Bruto (PIB) de 2022 serem revisadas para baixo, o ministro da Economia, Paulo Guedes, resolveu colocar o bloco do otimismo na rua, e, mais uma vez, afirmou que o pa\u00eds &#8220;est\u00e1 surpreendendo&#8221; o mundo [&hellip;]<\/p>\n","protected":false},"author":22,"featured_media":9818,"comment_status":"open","ping_status":"closed","sticky":false,"template":"","format":"standard","meta":{"footnotes":""},"categories":[600],"tags":[542,5593,589,14,3613,5712,1780],"class_list":["post-20618","post","type-post","status-publish","format-standard","has-post-thumbnail","hentry","category-economia","tag-contas-publicas","tag-crise-hidrica","tag-economia","tag-inflacao","tag-paulo-guedes","tag-racionamento","tag-superavit"],"_links":{"self":[{"href":"https:\/\/blogs.correiobraziliense.com.br\/vicente\/wp-json\/wp\/v2\/posts\/20618","targetHints":{"allow":["GET"]}}],"collection":[{"href":"https:\/\/blogs.correiobraziliense.com.br\/vicente\/wp-json\/wp\/v2\/posts"}],"about":[{"href":"https:\/\/blogs.correiobraziliense.com.br\/vicente\/wp-json\/wp\/v2\/types\/post"}],"author":[{"embeddable":true,"href":"https:\/\/blogs.correiobraziliense.com.br\/vicente\/wp-json\/wp\/v2\/users\/22"}],"replies":[{"embeddable":true,"href":"https:\/\/blogs.correiobraziliense.com.br\/vicente\/wp-json\/wp\/v2\/comments?post=20618"}],"version-history":[{"count":10,"href":"https:\/\/blogs.correiobraziliense.com.br\/vicente\/wp-json\/wp\/v2\/posts\/20618\/revisions"}],"predecessor-version":[{"id":20722,"href":"https:\/\/blogs.correiobraziliense.com.br\/vicente\/wp-json\/wp\/v2\/posts\/20618\/revisions\/20722"}],"wp:featuredmedia":[{"embeddable":true,"href":"https:\/\/blogs.correiobraziliense.com.br\/vicente\/wp-json\/wp\/v2\/media\/9818"}],"wp:attachment":[{"href":"https:\/\/blogs.correiobraziliense.com.br\/vicente\/wp-json\/wp\/v2\/media?parent=20618"}],"wp:term":[{"taxonomy":"category","embeddable":true,"href":"https:\/\/blogs.correiobraziliense.com.br\/vicente\/wp-json\/wp\/v2\/categories?post=20618"},{"taxonomy":"post_tag","embeddable":true,"href":"https:\/\/blogs.correiobraziliense.com.br\/vicente\/wp-json\/wp\/v2\/tags?post=20618"}],"curies":[{"name":"wp","href":"https:\/\/api.w.org\/{rel}","templated":true}]}}