{"id":20583,"date":"2021-08-25T12:29:04","date_gmt":"2021-08-25T15:29:04","guid":{"rendered":"https:\/\/blogs.correiobraziliense.com.br\/vicente\/?p=20583"},"modified":"2021-08-25T13:28:25","modified_gmt":"2021-08-25T16:28:25","slug":"arrecadacao-chega-a-r-1712-bi-em-julho-melhor-dado-para-o-mes-desde-1995","status":"publish","type":"post","link":"https:\/\/blogs.correiobraziliense.com.br\/vicente\/arrecadacao-chega-a-r-1712-bi-em-julho-melhor-dado-para-o-mes-desde-1995\/","title":{"rendered":"Arrecada\u00e7\u00e3o chega a R$ 171,2 bi em julho, melhor dado para o m\u00eas desde 1995"},"content":{"rendered":"<p>ROSANA HESSEL<\/p>\n<p>&nbsp;<\/p>\n<p>A infla\u00e7\u00e3o galopante em 2021, chegando a quase dois d\u00edgitos neste ano no acumulado em 12 meses, est\u00e1 ajudando o governo aumentar a receita com tributos. Em julho, a arrecada\u00e7\u00e3o do governo federal bateu novo recorde hist\u00f3rico para os meses de julho, somando R$ 171,27 bilh\u00f5es, conforme dados divulgados nesta quarta-feira (25\/08) pela Receita Federal. \u00c9 o maior volume para o m\u00eas desde o in\u00edcio da s\u00e9rie, em 1995, e, em grande parte, reflete o forte aumento dos pre\u00e7os dos produtos consumidos pelos brasileiros e sobre os quais os impostos s\u00e3o cobrados.<\/p>\n<p>&nbsp;<\/p>\n<p>A pr\u00e9via do \u00cdndice de Pre\u00e7os ao Consumidor Amplo (IPCA) acumulado em 12 meses at\u00e9 a primeira quinzena de agosto est\u00e1 em 9,30% e especialistas n\u00e3o descartam a infla\u00e7\u00e3o oficial e o indicador que corrige o sal\u00e1rio m\u00ednimo, o INPC, rodando acima de 10% entre agosto e setembro, o que tem aumentado as apostas para uma taxa b\u00e1sica de juros (Selic), de 5,25% atualmente, cada vez mais alta neste ano e nos pr\u00f3ximos, o que tem elevado os juros dos t\u00edtulos p\u00fablicos serem negociados acima de dois d\u00edgitos nos pap\u00e9is prefixados a partir de 2026.<\/p>\n<p>&nbsp;<\/p>\n<p>O resultado da arrecada\u00e7\u00e3o de registrou crescimento real (descontada a infla\u00e7\u00e3o) de 37,47%\u00a0 sobre total de tributos recolhidos no mesmo m\u00eas do ano passado, de R$ 115,99 bilh\u00f5es, em meio ao pico da pandemia da covid-19 e quando a Receita permitiu o adiamento no pagamento de uma s\u00e9rie de tributos pelas empresas.<\/p>\n<p>&nbsp;<\/p>\n<p>No acumulado do ano, o Fisco contabilizou alta real de 26,11% na receita total com tributos em rela\u00e7\u00e3o ao mesmo per\u00edodo de 2020, para R$ 1,053 trilh\u00e3o, o melhor da s\u00e9rie hist\u00f3rica para o per\u00edodo tamb\u00e9m, conforme os dados da Receita.<\/p>\n<p>&nbsp;<\/p>\n<p>Para o secret\u00e1rio especial da Receita Federal, Jos\u00e9 Barroso Tostes Neto, os dados positivos e recordes mostram uma trajet\u00f3ria de crescimento da arrecada\u00e7\u00e3o mostra uma recupera\u00e7\u00e3o que vem ocorrendo desde agosto de 2020. &#8220;Dos sete meses de 2021, em cinco, os resultados s\u00e3o recordes em toda a s\u00e9rie hist\u00f3rica. E, em dois, s\u00e3o os segundos melhores j\u00e1 alcan\u00e7ados nessa s\u00e9rie&#8221;, disse. Segundo ele, os dados poderiam ser melhores se n\u00e3o houvesse aumento das compensa\u00e7\u00f5es que, em julho, cresceram 44,8%, &#8220;retirando R$ 26 bilh\u00f5es da arrecada\u00e7\u00e3o&#8221;, dos quais, &#8221; a maior parte, de a\u00e7\u00f5es judiciais&#8221;. &#8220;Nesse per\u00edodo de 2021, foram R$ 119 bilh\u00f5es a menos na arrecada\u00e7\u00e3o por conta dessas compensa\u00e7\u00f5es&#8221;, disse Tostes Neto. Ele citou as a\u00e7\u00f5es contra a inclus\u00e3o de PIS-Cofins na base de c\u00e1lculo do ICMS, nas quais a Uni\u00e3o foi condenada, como o principal fator para esse volume.<\/p>\n<p>&nbsp;<\/p>\n","protected":false},"excerpt":{"rendered":"<p>ROSANA HESSEL &nbsp; A infla\u00e7\u00e3o galopante em 2021, chegando a quase dois d\u00edgitos neste ano no acumulado em 12 meses, est\u00e1 ajudando o governo aumentar a receita com tributos. Em julho, a arrecada\u00e7\u00e3o do governo federal bateu novo recorde hist\u00f3rico para os meses de julho, somando R$ 171,27 bilh\u00f5es, conforme dados divulgados nesta quarta-feira (25\/08) [&hellip;]<\/p>\n","protected":false},"author":22,"featured_media":19579,"comment_status":"open","ping_status":"closed","sticky":false,"template":"","format":"standard","meta":{"footnotes":""},"categories":[600],"tags":[297,4073,524,8,574],"class_list":["post-20583","post","type-post","status-publish","format-standard","has-post-thumbnail","hentry","category-economia","tag-arrecadacao","tag-fisco","tag-impostos","tag-receita-federal","tag-tributos"],"_links":{"self":[{"href":"https:\/\/blogs.correiobraziliense.com.br\/vicente\/wp-json\/wp\/v2\/posts\/20583","targetHints":{"allow":["GET"]}}],"collection":[{"href":"https:\/\/blogs.correiobraziliense.com.br\/vicente\/wp-json\/wp\/v2\/posts"}],"about":[{"href":"https:\/\/blogs.correiobraziliense.com.br\/vicente\/wp-json\/wp\/v2\/types\/post"}],"author":[{"embeddable":true,"href":"https:\/\/blogs.correiobraziliense.com.br\/vicente\/wp-json\/wp\/v2\/users\/22"}],"replies":[{"embeddable":true,"href":"https:\/\/blogs.correiobraziliense.com.br\/vicente\/wp-json\/wp\/v2\/comments?post=20583"}],"version-history":[{"count":12,"href":"https:\/\/blogs.correiobraziliense.com.br\/vicente\/wp-json\/wp\/v2\/posts\/20583\/revisions"}],"predecessor-version":[{"id":20595,"href":"https:\/\/blogs.correiobraziliense.com.br\/vicente\/wp-json\/wp\/v2\/posts\/20583\/revisions\/20595"}],"wp:featuredmedia":[{"embeddable":true,"href":"https:\/\/blogs.correiobraziliense.com.br\/vicente\/wp-json\/wp\/v2\/media\/19579"}],"wp:attachment":[{"href":"https:\/\/blogs.correiobraziliense.com.br\/vicente\/wp-json\/wp\/v2\/media?parent=20583"}],"wp:term":[{"taxonomy":"category","embeddable":true,"href":"https:\/\/blogs.correiobraziliense.com.br\/vicente\/wp-json\/wp\/v2\/categories?post=20583"},{"taxonomy":"post_tag","embeddable":true,"href":"https:\/\/blogs.correiobraziliense.com.br\/vicente\/wp-json\/wp\/v2\/tags?post=20583"}],"curies":[{"name":"wp","href":"https:\/\/api.w.org\/{rel}","templated":true}]}}