{"id":20522,"date":"2021-08-21T20:45:24","date_gmt":"2021-08-21T23:45:24","guid":{"rendered":"https:\/\/blogs.correiobraziliense.com.br\/vicente\/?p=20522"},"modified":"2021-08-21T20:49:11","modified_gmt":"2021-08-21T23:49:11","slug":"uma-chapa-dos-sonhos-do-mercado-financeiro-lula-e-meirelles","status":"publish","type":"post","link":"https:\/\/blogs.correiobraziliense.com.br\/vicente\/uma-chapa-dos-sonhos-do-mercado-financeiro-lula-e-meirelles\/","title":{"rendered":"Uma chapa dos sonhos do mercado financeiro: Lula e Meirelles"},"content":{"rendered":"<h2>ROSANA HESSEL<\/h2>\n<h2><\/h2>\n<h2>Enquanto o presidente Jair Bolsonaro mete os p\u00e9s pelas m\u00e3os ao entrar com pedido de impeachment contra o ministro Alexandre Morais, do Supremo Tribunal Federal (STF), agravando a crise institucional, no mercado financeiro, o pessimismo com o governo est\u00e1 cada vez maior. Nas rodas de conversas, os donos do dinheiro deixam claro que a ordem \u00e9 se livrar de Bolsonaro em 2022. E uma chapa unindo a esquerda e o centro n\u00e3o deixa de ser cogitada na falta de uma terceira via palat\u00e1vel e forte.<\/h2>\n<p>&nbsp;<\/p>\n<p>Nesse sentido, de acordo com analistas que estiveram reunidos nesta semana com os diretores do Banco Central mostrando um quadro desanimador para o pr\u00f3ximo ano, uma chapa vi\u00e1vel, ou dos sonhos, para derrotar o capit\u00e3o reformado seria composta pelo ex-presidente Luiz In\u00e1cio Lula da Silva (PT), que est\u00e1 \u00e0 frente nas pesquisas de inten\u00e7\u00e3o de votos, com o atual secret\u00e1rio da Fazenda e Planejamento do Estado de S\u00e3o Paulo, Henrique Meirelles.<\/p>\n<p>&nbsp;<\/p>\n<p>&#8220;Essa especula\u00e7\u00e3o existe e, se tivesse confirma\u00e7\u00e3o, o mercado estaria soltando roj\u00e3o de felicidade, porque diminuiria muito os riscos de um cen\u00e1rio com Lula sem algu\u00e9m comprometido com o controle das contas p\u00fablica&#8221;, diz o economista Juan Jensen, s\u00f3cio da 4E Consultoria. Ele, por sinal, n\u00e3o est\u00e1 entre os mais pessimistas do mercado, pois prev\u00ea alta de 5,4% no (Produto Interno Bruto (PIB) deste ano e de 2,3% 3m 2022. &#8220;Quem manda \u00e9 o candidato \u00e0 presid\u00eancia, que hoje seria o Lula. Mas a chapa dos sonhos seria o contr\u00e1rio, com Meirelles \u00e0 frente&#8221;, destaca.<\/p>\n<p>&nbsp;<\/p>\n<p>Ex-candidato \u00e0 presid\u00eancia da Rep\u00fablica em 2018 pelo MDB, Meirelles foi presidente do Banco Central durante os dois mandatos de Lula, e, com o ex-vice-presidente Jos\u00e9 Alencar (PL), era o fiador do petista junto ao mercado financeiro e ao empresariado.\u00a0Meirelles tamb\u00e9m foi ministro da Fazenda do governo Michel Temer (MDB), ap\u00f3s o impeachment da ex-presidente Dilma Rousseff (PT), e foi o respons\u00e1vel por implementar boa parte da &#8220;Ponte para o Futuro&#8221; proposta pelo partido, al\u00e9m de capitanear o teto de gastos \u2014 emenda constitucional que limita o aumento das despesas \u00e0 infla\u00e7\u00e3o do ano anterior \u2014, \u00e2ncora fiscal que restaurou a confian\u00e7a do mercado no controle das contas p\u00fablicas.<\/p>\n<p>&nbsp;<\/p>\n<p><strong>\u00c2ncora fiscal<\/strong><\/p>\n<p>&nbsp;<\/p>\n<p>O engenheiro Meirelles tamb\u00e9m preparou o terreno para o ministro da Economia, Paulo Guedes, aprovar a reforma da Previd\u00eancia. Quando Guedes chegou ao governo, em 2019, o debate sobre a necessidade de ajustes no regime previdenci\u00e1rio estava encaminhado. Os parlamentares, em grande maioria, estavam convencidos da necessidade de aprovar alguma mudan\u00e7a no sistema de aposentadorias para evitar a explos\u00e3o no deficit do Instituto Nacional do Seguro Social (INSS).<\/p>\n<p>&nbsp;<\/p>\n<p>Meirelles, a prop\u00f3sito, tem estado ativo nas redes sociais nos \u00faltimos dias. Enquanto o governo bate cabe\u00e7a e o pre\u00e7o da gasolina dispara, com o litro chegando a R$ 7, para o desespero dos brasileiros, ele d\u00e1 a receita de como enfrentar uma crise.<\/p>\n<p>&nbsp;<\/p>\n<p>&#8220;Para enfrentar tempos dif\u00edceis, \u00e9 necess\u00e1rio ter seriedade. Todos os brasileiros perdem quando o governo abandona a responsabilidade fiscal. O caminho do gasto sem controle, com fins eleitorais, e do descumprimento de compromissos termina em recess\u00e3o, desemprego e pobreza&#8221;, escreve o ex-ministro em seu perfil do Twitter.<\/p>\n<p>&nbsp;<\/p>\n<p>Em outra postagem, ele coloca os n\u00fameros no fim do governo Michel Temer e lembra que foi o respons\u00e1vel para recupera\u00e7\u00e3o da credibilidade do pa\u00eds.\u00a0&#8220;Com boa gest\u00e3o, infla\u00e7\u00e3o controlada e credibilidade recuperada depois da aprova\u00e7\u00e3o do teto de gastos, passei o bast\u00e3o da economia com o pa\u00eds crescendo, depois de uma das maiores crises da hist\u00f3ria&#8221;, pontua.<\/p>\n<p>&nbsp;<\/p>\n<p><strong>N\u00e3o, mas sem convic\u00e7\u00e3o<\/strong><\/p>\n<p>&nbsp;<\/p>\n<p>Procurado, Henrique Meirelles nega a forma\u00e7\u00e3o de uma chapa com Lula. &#8220;A informa\u00e7\u00e3o n\u00e3o procede&#8221;, diz, ao <strong>Blog<\/strong>. Contudo, o ex-ministro n\u00e3o nega o interesse de participar de uma nova campanha eleitoral e colocar de volta na rua o slogan &#8220;Chama o Meirelles&#8221;. &#8220;A princ\u00edpio, n\u00e3o&#8221;, afirma, sobre uma candidatura. Atualmente, Meirelles integra o PSD, legenda da qual ele contou que foi um dos fundadores.<\/p>\n<p>&nbsp;<\/p>\n<p>O dono do PSD, Gilberto Kassab, por sinal, tenta atrair o presidente do Senado, Rodrigo Pacheco (DEM-MG), para o partido e, assim, lan\u00e7\u00e1-lo como uma terceira via na corrida presidencial de 2022. A conferir os pr\u00f3ximos cap\u00edtulos dessa empreitada.<\/p>\n<p>&nbsp;<\/p>\n<p>Pelas pesquisas de opini\u00e3o, Lula lidera as pesquisas eleitorais. At\u00e9 o momento, o segundo turno ser\u00e1 entre ele e Bolsonaro. Vale lembrar que a Carta ao Povo Brasileiro, assinada por Lula em 2002, comprometendo-se em respeitar os contratos nacionais e internacionais foi fundamental para tornar o candidato mais palat\u00e1vel ao mercado financeiro e lev\u00e1-lo \u00e0 vit\u00f3ria.<\/p>\n<p>&nbsp;<\/p>\n<p>A expectativa de uma chapa do ex-presidente com Meirelles garantiria o compromisso com o teto de gastos, por exemplo, que vem sendo atacado por Lula. O ex-presidente do BC garantiria uma gest\u00e3o mais parecida com a do ent\u00e3o ministro da Fazenda, Antonio Pallocci, que fez um forte ajuste fiscal no primeiro mandato do petista.\u00a0&#8220;Meirelles traria toda a confian\u00e7a e a racionalidade da pol\u00edtica econ\u00f4mica que hoje Lula n\u00e3o tem&#8221;, diz Jensen.<\/p>\n","protected":false},"excerpt":{"rendered":"<p>ROSANA HESSEL Enquanto o presidente Jair Bolsonaro mete os p\u00e9s pelas m\u00e3os ao entrar com pedido de impeachment contra o ministro Alexandre Morais, do Supremo Tribunal Federal (STF), agravando a crise institucional, no mercado financeiro, o pessimismo com o governo est\u00e1 cada vez maior. Nas rodas de conversas, os donos do dinheiro deixam claro que [&hellip;]<\/p>\n","protected":false},"author":22,"featured_media":1053,"comment_status":"open","ping_status":"closed","sticky":false,"template":"","format":"standard","meta":{"footnotes":""},"categories":[600],"tags":[5703,589,5649,4943,63,2526],"class_list":["post-20522","post","type-post","status-publish","format-standard","has-post-thumbnail","hentry","category-economia","tag-chapa-dos-sonhos","tag-economia","tag-eleicoes-de-2022","tag-financas","tag-mercado-financeiro","tag-poder"],"_links":{"self":[{"href":"https:\/\/blogs.correiobraziliense.com.br\/vicente\/wp-json\/wp\/v2\/posts\/20522","targetHints":{"allow":["GET"]}}],"collection":[{"href":"https:\/\/blogs.correiobraziliense.com.br\/vicente\/wp-json\/wp\/v2\/posts"}],"about":[{"href":"https:\/\/blogs.correiobraziliense.com.br\/vicente\/wp-json\/wp\/v2\/types\/post"}],"author":[{"embeddable":true,"href":"https:\/\/blogs.correiobraziliense.com.br\/vicente\/wp-json\/wp\/v2\/users\/22"}],"replies":[{"embeddable":true,"href":"https:\/\/blogs.correiobraziliense.com.br\/vicente\/wp-json\/wp\/v2\/comments?post=20522"}],"version-history":[{"count":7,"href":"https:\/\/blogs.correiobraziliense.com.br\/vicente\/wp-json\/wp\/v2\/posts\/20522\/revisions"}],"predecessor-version":[{"id":20531,"href":"https:\/\/blogs.correiobraziliense.com.br\/vicente\/wp-json\/wp\/v2\/posts\/20522\/revisions\/20531"}],"wp:featuredmedia":[{"embeddable":true,"href":"https:\/\/blogs.correiobraziliense.com.br\/vicente\/wp-json\/wp\/v2\/media\/1053"}],"wp:attachment":[{"href":"https:\/\/blogs.correiobraziliense.com.br\/vicente\/wp-json\/wp\/v2\/media?parent=20522"}],"wp:term":[{"taxonomy":"category","embeddable":true,"href":"https:\/\/blogs.correiobraziliense.com.br\/vicente\/wp-json\/wp\/v2\/categories?post=20522"},{"taxonomy":"post_tag","embeddable":true,"href":"https:\/\/blogs.correiobraziliense.com.br\/vicente\/wp-json\/wp\/v2\/tags?post=20522"}],"curies":[{"name":"wp","href":"https:\/\/api.w.org\/{rel}","templated":true}]}}