{"id":2050,"date":"2016-07-19T15:11:20","date_gmt":"2016-07-19T18:11:20","guid":{"rendered":"https:\/\/blogs.correiobraziliense.com.br\/vicente\/?p=2050"},"modified":"2016-07-19T17:17:19","modified_gmt":"2016-07-19T20:17:19","slug":"desejo-politico-de-temer-esta-distante-da-realidade-do-governo-diz-tecnico-da-fazenda","status":"publish","type":"post","link":"https:\/\/blogs.correiobraziliense.com.br\/vicente\/desejo-politico-de-temer-esta-distante-da-realidade-do-governo-diz-tecnico-da-fazenda\/","title":{"rendered":"&#8220;Desejo pol\u00edtico de Temer est\u00e1 distante da realidade do governo&#8221;, diz t\u00e9cnico da Fazenda"},"content":{"rendered":"<p>Gente gra\u00fada do Pal\u00e1cio do Planalto diz que o presidente interino, Michel Temer, ficou frustrado por n\u00e3o ter fechado hoje um pacote de bondades para afagar a classe m\u00e9dia, que ele quer conquistar a todo custo visando as elei\u00e7\u00f5es de 2018. Temer \u00e9 candidat\u00edssimo \u00e0 sua pr\u00f3pria sucess\u00e3o, embora diga o contr\u00e1rio.<\/p>\n<p>&nbsp;<\/p>\n<p>A pressa de Temer foi contida pela equipe econ\u00f4mica, que n\u00e3o v\u00ea com bons olhos medidas de est\u00edmulos \u00e0 economia justamente num momento em que se est\u00e1 tentando arrumar as loucuras cometidas por Dilma Rousseff. Dia sim, dia n\u00e3o, ela anunciava alguma coisa sem p\u00e9 nem cabe\u00e7a que custava caro ao Tesouro Nacional, mas n\u00e3o tinha nenhum impacto na atividade.<\/p>\n<p>&nbsp;<\/p>\n<p>Nos pr\u00f3ximos 20 dias, a equipe econ\u00f4mica apresentar\u00e1 sugest\u00f5es ao presidente. N\u00e3o ser\u00e1, por\u00e9m, nada ambicioso. A principal meta, agora, \u00e9 reconstruir a confian\u00e7a. E isso passa por modera\u00e7\u00e3o e a\u00e7\u00f5es concretas que realmente ajudem a tirar o pa\u00eds do atoleiro.<\/p>\n<p>&nbsp;<\/p>\n<p>&#8220;O desejo pol\u00edtico do presidente Temer est\u00e1 distante da realidade do governo. Se ele tiver paci\u00eancia, colher\u00e1 muito mais louros \u00e0 frente do que se atropelar os fatos agora&#8221;, diz um auxiliar do ministro da Fazenda, Henrique Meirelles. &#8220;A percep\u00e7\u00e3o \u00e9 de que, pelo menos por ora, ele entendeu a li\u00e7\u00e3o&#8221;, complementa.<\/p>\n<p>&nbsp;<\/p>\n<p><em>Bras\u00edlia, 15h11min<\/em><\/p>\n","protected":false},"excerpt":{"rendered":"<p>Gente gra\u00fada do Pal\u00e1cio do Planalto diz que o presidente interino, Michel Temer, ficou frustrado por n\u00e3o ter fechado hoje um pacote de bondades para afagar a classe m\u00e9dia, que ele quer conquistar a todo custo visando as elei\u00e7\u00f5es de 2018. Temer \u00e9 candidat\u00edssimo \u00e0 sua pr\u00f3pria sucess\u00e3o, embora diga o contr\u00e1rio. &nbsp; A pressa [&hellip;]<\/p>\n","protected":false},"author":22,"featured_media":0,"comment_status":"open","ping_status":"closed","sticky":false,"template":"","format":"standard","meta":{"footnotes":""},"categories":[600],"tags":[722,360,111,500],"class_list":["post-2050","post","type-post","status-publish","format-standard","hentry","category-economia","tag-afago-a-classe-media","tag-equipe-economica","tag-michel-temer","tag-pacote-de-bondades"],"_links":{"self":[{"href":"https:\/\/blogs.correiobraziliense.com.br\/vicente\/wp-json\/wp\/v2\/posts\/2050","targetHints":{"allow":["GET"]}}],"collection":[{"href":"https:\/\/blogs.correiobraziliense.com.br\/vicente\/wp-json\/wp\/v2\/posts"}],"about":[{"href":"https:\/\/blogs.correiobraziliense.com.br\/vicente\/wp-json\/wp\/v2\/types\/post"}],"author":[{"embeddable":true,"href":"https:\/\/blogs.correiobraziliense.com.br\/vicente\/wp-json\/wp\/v2\/users\/22"}],"replies":[{"embeddable":true,"href":"https:\/\/blogs.correiobraziliense.com.br\/vicente\/wp-json\/wp\/v2\/comments?post=2050"}],"version-history":[{"count":2,"href":"https:\/\/blogs.correiobraziliense.com.br\/vicente\/wp-json\/wp\/v2\/posts\/2050\/revisions"}],"predecessor-version":[{"id":2056,"href":"https:\/\/blogs.correiobraziliense.com.br\/vicente\/wp-json\/wp\/v2\/posts\/2050\/revisions\/2056"}],"wp:attachment":[{"href":"https:\/\/blogs.correiobraziliense.com.br\/vicente\/wp-json\/wp\/v2\/media?parent=2050"}],"wp:term":[{"taxonomy":"category","embeddable":true,"href":"https:\/\/blogs.correiobraziliense.com.br\/vicente\/wp-json\/wp\/v2\/categories?post=2050"},{"taxonomy":"post_tag","embeddable":true,"href":"https:\/\/blogs.correiobraziliense.com.br\/vicente\/wp-json\/wp\/v2\/tags?post=2050"}],"curies":[{"name":"wp","href":"https:\/\/api.w.org\/{rel}","templated":true}]}}