{"id":2047,"date":"2016-07-18T23:34:55","date_gmt":"2016-07-19T02:34:55","guid":{"rendered":"https:\/\/blogs.correiobraziliense.com.br\/vicente\/?p=2047"},"modified":"2016-07-19T09:15:55","modified_gmt":"2016-07-19T12:15:55","slug":"equipe-de-meirelles-teme-que-estimulos-economia-virem-tiro-no-pe","status":"publish","type":"post","link":"https:\/\/blogs.correiobraziliense.com.br\/vicente\/equipe-de-meirelles-teme-que-estimulos-economia-virem-tiro-no-pe\/","title":{"rendered":"Equipe de Meirelles teme que est\u00edmulos \u00e0 economia virem &#8220;tiro no p\u00e9&#8221;"},"content":{"rendered":"<p>A equipe econ\u00f4mica est\u00e1 otimista em rela\u00e7\u00e3o \u00e0 recupera\u00e7\u00e3o da atividade nos pr\u00f3ximos meses, mas teme que o governo acabe provocando distor\u00e7\u00f5es se insistir em pol\u00edticas intervencionistas por meio de pacote de bondades.<\/p>\n<p>&nbsp;<\/p>\n<p>O time do ministro da Fazenda, Henrique Meirelles, acendeu o sinal de alerta diante da pressa do presidente interino, Michel Temer, de soltar medidas de est\u00edmulo \u00e0 atividade. \u00a0Os t\u00e9cnicos dizem que este n\u00e3o \u00e9 o momento de o governo agir com voluntarismo.<\/p>\n<p>&nbsp;<\/p>\n<p>Foi exatamente o excesso de medidas sem crit\u00e9rios, sem an\u00e1lises t\u00e9cnicas, no governo de Dilma Rousseff que empurrou o pa\u00eds para a pior recess\u00e3o da hist\u00f3ria. &#8220;O que mais se viu foi tiro no p\u00e9&#8221;, ressalta um dos auxiliares mais pr\u00f3ximos de Meirelles.<\/p>\n<p>&nbsp;<\/p>\n<p>Para ele, a melhor forma de a economia recuperar o f\u00f4lego, crescer de forma consistente, gerar empregos e estimular o aumento da renda \u00e9 reconstruindo a confian\u00e7a. E isso n\u00e3o combina com estripulias.<\/p>\n<p>&nbsp;<\/p>\n<p><i>Bras\u00edlia, 23h34min<\/i><\/p>\n","protected":false},"excerpt":{"rendered":"<p>A equipe econ\u00f4mica est\u00e1 otimista em rela\u00e7\u00e3o \u00e0 recupera\u00e7\u00e3o da atividade nos pr\u00f3ximos meses, mas teme que o governo acabe provocando distor\u00e7\u00f5es se insistir em pol\u00edticas intervencionistas por meio de pacote de bondades. &nbsp; O time do ministro da Fazenda, Henrique Meirelles, acendeu o sinal de alerta diante da pressa do presidente interino, Michel Temer, [&hellip;]<\/p>\n","protected":false},"author":22,"featured_media":0,"comment_status":"open","ping_status":"closed","sticky":false,"template":"","format":"standard","meta":{"footnotes":""},"categories":[600],"tags":[11,720,21,111,721],"class_list":["post-2047","post","type-post","status-publish","format-standard","hentry","category-economia","tag-dilma-rousseff","tag-estimulos-a-economia","tag-henrique-meirelles","tag-michel-temer","tag-tiro-no-pe"],"_links":{"self":[{"href":"https:\/\/blogs.correiobraziliense.com.br\/vicente\/wp-json\/wp\/v2\/posts\/2047","targetHints":{"allow":["GET"]}}],"collection":[{"href":"https:\/\/blogs.correiobraziliense.com.br\/vicente\/wp-json\/wp\/v2\/posts"}],"about":[{"href":"https:\/\/blogs.correiobraziliense.com.br\/vicente\/wp-json\/wp\/v2\/types\/post"}],"author":[{"embeddable":true,"href":"https:\/\/blogs.correiobraziliense.com.br\/vicente\/wp-json\/wp\/v2\/users\/22"}],"replies":[{"embeddable":true,"href":"https:\/\/blogs.correiobraziliense.com.br\/vicente\/wp-json\/wp\/v2\/comments?post=2047"}],"version-history":[{"count":2,"href":"https:\/\/blogs.correiobraziliense.com.br\/vicente\/wp-json\/wp\/v2\/posts\/2047\/revisions"}],"predecessor-version":[{"id":2049,"href":"https:\/\/blogs.correiobraziliense.com.br\/vicente\/wp-json\/wp\/v2\/posts\/2047\/revisions\/2049"}],"wp:attachment":[{"href":"https:\/\/blogs.correiobraziliense.com.br\/vicente\/wp-json\/wp\/v2\/media?parent=2047"}],"wp:term":[{"taxonomy":"category","embeddable":true,"href":"https:\/\/blogs.correiobraziliense.com.br\/vicente\/wp-json\/wp\/v2\/categories?post=2047"},{"taxonomy":"post_tag","embeddable":true,"href":"https:\/\/blogs.correiobraziliense.com.br\/vicente\/wp-json\/wp\/v2\/tags?post=2047"}],"curies":[{"name":"wp","href":"https:\/\/api.w.org\/{rel}","templated":true}]}}