{"id":20456,"date":"2021-08-16T20:31:25","date_gmt":"2021-08-16T23:31:25","guid":{"rendered":"https:\/\/blogs.correiobraziliense.com.br\/vicente\/?p=20456"},"modified":"2021-08-16T20:52:27","modified_gmt":"2021-08-16T23:52:27","slug":"forcas-armadas-estao-prontas-para-socorrer-o-haiti","status":"publish","type":"post","link":"https:\/\/blogs.correiobraziliense.com.br\/vicente\/forcas-armadas-estao-prontas-para-socorrer-o-haiti\/","title":{"rendered":"For\u00e7as Armadas est\u00e3o prontas para socorrer o Haiti"},"content":{"rendered":"<h2>A For\u00e7a A\u00e9rea Brasileira j\u00e1 destacou o seu maior avi\u00e3o, o KC-390, para uma opera\u00e7\u00e3o de socorro humanit\u00e1rio ao Haiti, que sofre com os efeitos devastadores de mais um terremoto. Pelo menos 1,3 mil pessoas morreram e outras 3 mil ficaram feridas. H\u00e1 milhares de desabrigados.<\/h2>\n<p>&nbsp;<\/p>\n<p>A aeronave levar\u00e1 ao Haiti comida, medicamentos e profissionais de sa\u00fade. Para que isso ocorra, por\u00e9m, \u00e9 preciso que o governo do pa\u00eds caribenho fa\u00e7a o pedido formal ao Minist\u00e9rio das Rela\u00e7\u00f5es Exteriores brasileiro. \u00c9 a pasta que aciona o Minist\u00e9rio da Defesa e fecha o pacote do que ser\u00e1 feito na a\u00e7\u00e3o humanit\u00e1ria.<\/p>\n<p>&nbsp;<\/p>\n<p>O socorro das For\u00e7as Armadas ao Haiti foi discutido nesta segunda-feira (16\/08) em reuni\u00e3o extraordin\u00e1ria no Itamaraty, convocada por meio da Ag\u00eancia Brasileira de Coopera\u00e7\u00e3o (ABC). Foi criado um Grupo de Trabalho para Assist\u00eancia Humanit\u00e1ria Interministerial.<\/p>\n<p>&nbsp;<\/p>\n<p>Uma miss\u00e3o de paz comandada pelo Brasil permaneceu no Haiti por 13 anos, de 2004 a 2017. Pelo conhecimento que tem daquele pa\u00eds, a miss\u00e3o brasileira pode ajudar muito no socorro \u00e0 popula\u00e7\u00e3o. Al\u00e9m disso, o KC-390 consegue pousar em regi\u00f5es in\u00f3spitas.<\/p>\n<p>&nbsp;<\/p>\n<p><em>Bras\u00edlia, 20h31min<\/em><\/p>\n","protected":false},"excerpt":{"rendered":"<p>A For\u00e7a A\u00e9rea Brasileira j\u00e1 destacou o seu maior avi\u00e3o, o KC-390, para uma opera\u00e7\u00e3o de socorro humanit\u00e1rio ao Haiti, que sofre com os efeitos devastadores de mais um terremoto. Pelo menos 1,3 mil pessoas morreram e outras 3 mil ficaram feridas. H\u00e1 milhares de desabrigados. &nbsp; A aeronave levar\u00e1 ao Haiti comida, medicamentos e [&hellip;]<\/p>\n","protected":false},"author":22,"featured_media":20457,"comment_status":"open","ping_status":"closed","sticky":false,"template":"","format":"standard","meta":{"footnotes":""},"categories":[600],"tags":[5691,622,2526,579],"class_list":["post-20456","post","type-post","status-publish","format-standard","has-post-thumbnail","hentry","category-economia","tag-forcas-armadas-estao-prontas-para-socorrer-o-haiti","tag-mundo","tag-poder","tag-saude"],"_links":{"self":[{"href":"https:\/\/blogs.correiobraziliense.com.br\/vicente\/wp-json\/wp\/v2\/posts\/20456","targetHints":{"allow":["GET"]}}],"collection":[{"href":"https:\/\/blogs.correiobraziliense.com.br\/vicente\/wp-json\/wp\/v2\/posts"}],"about":[{"href":"https:\/\/blogs.correiobraziliense.com.br\/vicente\/wp-json\/wp\/v2\/types\/post"}],"author":[{"embeddable":true,"href":"https:\/\/blogs.correiobraziliense.com.br\/vicente\/wp-json\/wp\/v2\/users\/22"}],"replies":[{"embeddable":true,"href":"https:\/\/blogs.correiobraziliense.com.br\/vicente\/wp-json\/wp\/v2\/comments?post=20456"}],"version-history":[{"count":2,"href":"https:\/\/blogs.correiobraziliense.com.br\/vicente\/wp-json\/wp\/v2\/posts\/20456\/revisions"}],"predecessor-version":[{"id":20459,"href":"https:\/\/blogs.correiobraziliense.com.br\/vicente\/wp-json\/wp\/v2\/posts\/20456\/revisions\/20459"}],"wp:featuredmedia":[{"embeddable":true,"href":"https:\/\/blogs.correiobraziliense.com.br\/vicente\/wp-json\/wp\/v2\/media\/20457"}],"wp:attachment":[{"href":"https:\/\/blogs.correiobraziliense.com.br\/vicente\/wp-json\/wp\/v2\/media?parent=20456"}],"wp:term":[{"taxonomy":"category","embeddable":true,"href":"https:\/\/blogs.correiobraziliense.com.br\/vicente\/wp-json\/wp\/v2\/categories?post=20456"},{"taxonomy":"post_tag","embeddable":true,"href":"https:\/\/blogs.correiobraziliense.com.br\/vicente\/wp-json\/wp\/v2\/tags?post=20456"}],"curies":[{"name":"wp","href":"https:\/\/api.w.org\/{rel}","templated":true}]}}