{"id":20439,"date":"2021-08-13T20:15:05","date_gmt":"2021-08-13T23:15:05","guid":{"rendered":"https:\/\/blogs.correiobraziliense.com.br\/vicente\/?p=20439"},"modified":"2021-08-13T20:58:29","modified_gmt":"2021-08-13T23:58:29","slug":"bc-diz-que-bancos-vao-trabalhar-para-superar-falhas-do-open-banking","status":"publish","type":"post","link":"https:\/\/blogs.correiobraziliense.com.br\/vicente\/bc-diz-que-bancos-vao-trabalhar-para-superar-falhas-do-open-banking\/","title":{"rendered":"BC diz que bancos v\u00e3o trabalhar para superar falhas do open banking"},"content":{"rendered":"<h2>O Banco Central afirmou, em nota enviada ao <strong>Blog<\/strong>, que as institui\u00e7\u00f5es financeiras v\u00e3o trabalhar durante todo o fim de semana para corrigir os <a href=\"https:\/\/blogs.correiobraziliense.com.br\/vicente\/open-banking-falha-no-primeiro-dia-bancos-nao-conseguem-fazer-operacoes\/\">problemas que atrapalharam a implanta\u00e7\u00e3o da segunda fase do open banking<\/a> nesta sexta-feira (13\/08). A perspectiva \u00e9 de que tudo esteja resolvido at\u00e9 a pr\u00f3xima segunda-feira (16\/08).<\/h2>\n<p>&nbsp;<\/p>\n<p>Segundo o BC, &#8220;ajustes pontuais s\u00e3o naturais e esperados no in\u00edcio de funcionamento de qualquer solu\u00e7\u00e3o complexa e inovadora, motivo pela qual optamos por uma estrat\u00e9gia de lan\u00e7amento progressivo desta fase, com limites operacionais&#8221;.<\/p>\n<p>&nbsp;<\/p>\n<p>Para a autoridade monet\u00e1ria, o open banking, que permite o compartilhamento entre as institui\u00e7\u00f5es de dados da clientela, \u00e9 irrevers\u00edvel e tornar\u00e1 o sistema financeiro mais competitivo, eficiente e inclusivo. O BC acredita na queda dos juros \u00e0s empresas e aos consumidores.<\/p>\n<p>&nbsp;<\/p>\n<p>Veja a \u00edntegra da nota do Banco Central:<\/p>\n<p>&nbsp;<\/p>\n<p><em>&#8220;Na data de hoje (13\/08) houve o lan\u00e7amento da fase 2 do Open Banking, que se refere ao compartilhamento de dados cadastrais e transacionais, a crit\u00e9rio dos clientes.<\/em><br \/>\n<em>\u00a0<\/em><br \/>\n<em>\u00c9 preciso destacar que, dentro da arquitetura do Open Banking, as institui\u00e7\u00f5es participantes conectam-se diretamente, baseada nas especifica\u00e7\u00f5es t\u00e9cnicas definidas pelo mercado, n\u00e3o havendo nenhuma depend\u00eancia operacional em rela\u00e7\u00e3o ao Banco Central.<\/em><br \/>\n<em>\u00a0<\/em><br \/>\n<em>Mesmo tendo ocorridos testes bilaterais entre as institui\u00e7\u00f5es nas \u00faltimas semanas, ocorreram dificuldades t\u00e9cnicas nas tentativas de conex\u00e3o entre as institui\u00e7\u00f5es. Ajustes pontuais s\u00e3o naturais e esperados no in\u00edcio de funcionamento de qualquer solu\u00e7\u00e3o complexa e inovadora, motivo pela qual optamos por uma estrat\u00e9gia de lan\u00e7amento progressivo desta fase, com limites operacionais.<\/em><br \/>\n<em>\u00a0<\/em><br \/>\n<em>As institui\u00e7\u00f5es participantes trabalhar\u00e3o ao longo do fim de semana para que os ajustes necess\u00e1rios estejam implantados at\u00e9 a pr\u00f3xima segunda.<\/em><br \/>\n<em>\u00a0<\/em><br \/>\n<em>O Open Banking \u00e9 uma iniciativa priorit\u00e1ria do Banco Central, prevista na Agenda BC#, que far\u00e1 entregas ao longos dos pr\u00f3ximos anos, com vistas a criar as bases e os fundamentos para um sistema financeiro mais inovador, eficiente e inclusivo.&#8221;<\/em><\/p>\n<p>&nbsp;<\/p>\n<p><em>Bras\u00edlia, 20h15min<\/em><\/p>\n","protected":false},"excerpt":{"rendered":"<p>O Banco Central afirmou, em nota enviada ao Blog, que as institui\u00e7\u00f5es financeiras v\u00e3o trabalhar durante todo o fim de semana para corrigir os problemas que atrapalharam a implanta\u00e7\u00e3o da segunda fase do open banking nesta sexta-feira (13\/08). A perspectiva \u00e9 de que tudo esteja resolvido at\u00e9 a pr\u00f3xima segunda-feira (16\/08). &nbsp; Segundo o BC, [&hellip;]<\/p>\n","protected":false},"author":22,"featured_media":11505,"comment_status":"open","ping_status":"closed","sticky":false,"template":"","format":"standard","meta":{"footnotes":""},"categories":[600],"tags":[5690,589,4943,4547],"class_list":["post-20439","post","type-post","status-publish","format-standard","has-post-thumbnail","hentry","category-economia","tag-bc-diz-que-bancos-vao-trabalhar-para-superar-falhas-do-open-banking","tag-economia","tag-financas","tag-negocios"],"_links":{"self":[{"href":"https:\/\/blogs.correiobraziliense.com.br\/vicente\/wp-json\/wp\/v2\/posts\/20439","targetHints":{"allow":["GET"]}}],"collection":[{"href":"https:\/\/blogs.correiobraziliense.com.br\/vicente\/wp-json\/wp\/v2\/posts"}],"about":[{"href":"https:\/\/blogs.correiobraziliense.com.br\/vicente\/wp-json\/wp\/v2\/types\/post"}],"author":[{"embeddable":true,"href":"https:\/\/blogs.correiobraziliense.com.br\/vicente\/wp-json\/wp\/v2\/users\/22"}],"replies":[{"embeddable":true,"href":"https:\/\/blogs.correiobraziliense.com.br\/vicente\/wp-json\/wp\/v2\/comments?post=20439"}],"version-history":[{"count":1,"href":"https:\/\/blogs.correiobraziliense.com.br\/vicente\/wp-json\/wp\/v2\/posts\/20439\/revisions"}],"predecessor-version":[{"id":20444,"href":"https:\/\/blogs.correiobraziliense.com.br\/vicente\/wp-json\/wp\/v2\/posts\/20439\/revisions\/20444"}],"wp:featuredmedia":[{"embeddable":true,"href":"https:\/\/blogs.correiobraziliense.com.br\/vicente\/wp-json\/wp\/v2\/media\/11505"}],"wp:attachment":[{"href":"https:\/\/blogs.correiobraziliense.com.br\/vicente\/wp-json\/wp\/v2\/media?parent=20439"}],"wp:term":[{"taxonomy":"category","embeddable":true,"href":"https:\/\/blogs.correiobraziliense.com.br\/vicente\/wp-json\/wp\/v2\/categories?post=20439"},{"taxonomy":"post_tag","embeddable":true,"href":"https:\/\/blogs.correiobraziliense.com.br\/vicente\/wp-json\/wp\/v2\/tags?post=20439"}],"curies":[{"name":"wp","href":"https:\/\/api.w.org\/{rel}","templated":true}]}}