{"id":2042,"date":"2016-07-18T21:59:58","date_gmt":"2016-07-19T00:59:58","guid":{"rendered":"https:\/\/blogs.correiobraziliense.com.br\/vicente\/?p=2042"},"modified":"2016-07-19T00:02:26","modified_gmt":"2016-07-19T03:02:26","slug":"equipe-economica-admite-elevar-projecoes-para-o-pib-de-2017-e-2018","status":"publish","type":"post","link":"https:\/\/blogs.correiobraziliense.com.br\/vicente\/equipe-economica-admite-elevar-projecoes-para-o-pib-de-2017-e-2018\/","title":{"rendered":"Equipe econ\u00f4mica admite elevar proje\u00e7\u00f5es para o PIB de 2017 e 2018"},"content":{"rendered":"<p>A equipe econ\u00f4mica admite elevar as proje\u00e7\u00f5es de crescimento para 2017 e 2018, fixadas, hoje, em 1,2% e 2,5%, respectivamente. Tudo depender\u00e1, no entanto, da aprova\u00e7\u00e3o, pelo Congresso, das medidas de ajuste fiscal, a come\u00e7ar pela Proposta de Emenda \u00e0 Constitui\u00e7\u00e3o (PEC) que limita o aumento de gastos \u00e0 infla\u00e7\u00e3o do ano anterior.<\/p>\n<p>&nbsp;<\/p>\n<p>Segundo integrantes da equipe do ministro da Fazenda, Henrique Meirelles, h\u00e1 indica\u00e7\u00f5es de que a economia entrar\u00e1 no terreno positivo neste segundo semestre, podendo o Produto Interno Bruto (PIB) dos \u00faltimos tr\u00eas meses do ano indicar o t\u00e3o esperado fim da recess\u00e3o. \u201cN\u00e3o descartamos, inclusive, a possibilidade de o PIB do terceiro trimestre j\u00e1 vir ligeiramente no azul\u201d, disse um dos t\u00e9cnicos.<\/p>\n<p>&nbsp;<\/p>\n<p>O mais importante neste momento, na avalia\u00e7\u00e3o da equipe econ\u00f4mica, \u00e9 que a m\u00e9dia do mercado j\u00e1 come\u00e7a a convergir para as estimativas do governo. Na pesquisa Focus, realizada semanalmente pelo Banco Central, a expectativa de crescimento para o PIB de 2017 passou de 1% para 1,1%. \u201cOu seja, o resultado final pode surpreender, a depender das medidas que venham a ser tomadas para arrumar as contas p\u00fablicas\u201d, destacou o mesmo t\u00e9cnico. A Fazenda, acrescentou ele, detectou um importante movimento de recupera\u00e7\u00e3o da confian\u00e7a entre os agentes econ\u00f4micos.<\/p>\n<p>&nbsp;<\/p>\n<p>\u201cN\u00e3o por acaso, os Credit Default Swaps (CDS), seguro pago pelos investidores, caiu de 550 pontos, em dezembro do ano passado, para menos de 300 pontos. As taxas de juros dos contratos de swap com vencimento em cinco anos desabaram de 17% para 12% ao ano\u201d, destacou o auxiliar de Meirelles. A explica\u00e7\u00e3o, ressaltou ele, est\u00e1 na diminui\u00e7\u00e3o do risco pol\u00edtico. \u201cNos \u00faltimos seis meses, os investidores n\u00e3o olhavam para os indicadores econ\u00f4micos. S\u00f3 tinham em mente as quest\u00f5es pol\u00edticas. Agora, essa vari\u00e1vel est\u00e1 sendo deixada de lado e as quest\u00f5es econ\u00f4micas come\u00e7am a pesar mais\u201d, disse.<\/p>\n<p>&nbsp;<\/p>\n<p><strong>Frustra\u00e7\u00e3o<\/strong><\/p>\n<p>&nbsp;<\/p>\n<p>Apesar do otimismo, a equipe econ\u00f4mica n\u00e3o esconde a preocupa\u00e7\u00e3o com uma poss\u00edvel frustra\u00e7\u00e3o. \u201cAinda n\u00e3o est\u00e1 100% certo que o Congresso aprovar\u00e1 as medidas do ajuste fiscal. Mas o governo far\u00e1 de tudo para que isso aconte\u00e7a\u201d, frisou o t\u00e9cnico. Ele destacou que h\u00e1 um grande n\u00famero de investidores estrangeiros aguardando sinais mais concretos do Legislativo, incluindo a aprova\u00e7\u00e3o do impeachment definitivo de Dilma Rousseff, para despejar recursos no Brasil.<\/p>\n<p>&nbsp;<\/p>\n<p>Independentemente das decis\u00f5es do Congresso, a equipe econ\u00f4mica acredita que o maior est\u00edmulo que o governo pode dar ao pa\u00eds \u00e9 fortalecer a confian\u00e7a de que o ajuste fiscal est\u00e1 no caminho certo. H\u00e1 o temor de que, na \u00e2nsia de entregar resultados positivos muito r\u00e1pidos, o Pal\u00e1cio do Planalto provoque distor\u00e7\u00f5es. \u201cTodo cuidado \u00e9 pouco. Vimos, nos \u00faltimos anos, muitos tiros nos p\u00e9s. Foram lan\u00e7adas medidas que prometiam crescimento, mas que s\u00f3 destru\u00edram a confian\u00e7a\u201d, acrescentou o auxiliar de Meirelles.<\/p>\n<p>&nbsp;<\/p>\n<p><em>Bras\u00edlia, 21h59min<\/em><\/p>\n","protected":false},"excerpt":{"rendered":"<p>A equipe econ\u00f4mica admite elevar as proje\u00e7\u00f5es de crescimento para 2017 e 2018, fixadas, hoje, em 1,2% e 2,5%, respectivamente. Tudo depender\u00e1, no entanto, da aprova\u00e7\u00e3o, pelo Congresso, das medidas de ajuste fiscal, a come\u00e7ar pela Proposta de Emenda \u00e0 Constitui\u00e7\u00e3o (PEC) que limita o aumento de gastos \u00e0 infla\u00e7\u00e3o do ano anterior. &nbsp; Segundo [&hellip;]<\/p>\n","protected":false},"author":22,"featured_media":0,"comment_status":"open","ping_status":"closed","sticky":false,"template":"","format":"standard","meta":{"footnotes":""},"categories":[600],"tags":[561,489,11,360,21,62,58,718],"class_list":["post-2042","post","type-post","status-publish","format-standard","hentry","category-economia","tag-561","tag-489","tag-dilma-rousseff","tag-equipe-economica","tag-henrique-meirelles","tag-impeachment","tag-pib","tag-revisao"],"_links":{"self":[{"href":"https:\/\/blogs.correiobraziliense.com.br\/vicente\/wp-json\/wp\/v2\/posts\/2042","targetHints":{"allow":["GET"]}}],"collection":[{"href":"https:\/\/blogs.correiobraziliense.com.br\/vicente\/wp-json\/wp\/v2\/posts"}],"about":[{"href":"https:\/\/blogs.correiobraziliense.com.br\/vicente\/wp-json\/wp\/v2\/types\/post"}],"author":[{"embeddable":true,"href":"https:\/\/blogs.correiobraziliense.com.br\/vicente\/wp-json\/wp\/v2\/users\/22"}],"replies":[{"embeddable":true,"href":"https:\/\/blogs.correiobraziliense.com.br\/vicente\/wp-json\/wp\/v2\/comments?post=2042"}],"version-history":[{"count":2,"href":"https:\/\/blogs.correiobraziliense.com.br\/vicente\/wp-json\/wp\/v2\/posts\/2042\/revisions"}],"predecessor-version":[{"id":2044,"href":"https:\/\/blogs.correiobraziliense.com.br\/vicente\/wp-json\/wp\/v2\/posts\/2042\/revisions\/2044"}],"wp:attachment":[{"href":"https:\/\/blogs.correiobraziliense.com.br\/vicente\/wp-json\/wp\/v2\/media?parent=2042"}],"wp:term":[{"taxonomy":"category","embeddable":true,"href":"https:\/\/blogs.correiobraziliense.com.br\/vicente\/wp-json\/wp\/v2\/categories?post=2042"},{"taxonomy":"post_tag","embeddable":true,"href":"https:\/\/blogs.correiobraziliense.com.br\/vicente\/wp-json\/wp\/v2\/tags?post=2042"}],"curies":[{"name":"wp","href":"https:\/\/api.w.org\/{rel}","templated":true}]}}