{"id":20411,"date":"2021-08-13T11:30:43","date_gmt":"2021-08-13T14:30:43","guid":{"rendered":"https:\/\/blogs.correiobraziliense.com.br\/vicente\/?p=20411"},"modified":"2021-08-13T11:30:43","modified_gmt":"2021-08-13T14:30:43","slug":"mb-associados-reduz-de-18-para-14-previsao-de-pib-em-2022","status":"publish","type":"post","link":"https:\/\/blogs.correiobraziliense.com.br\/vicente\/mb-associados-reduz-de-18-para-14-previsao-de-pib-em-2022\/","title":{"rendered":"MB Associados reduz de 1,8% para 1,4% previs\u00e3o de PIB em 2022"},"content":{"rendered":"<p>ROSANA HESSEL<\/p>\n<p>&nbsp;<\/p>\n<p>Ap\u00f3s o<a href=\"https:\/\/blogs.correiobraziliense.com.br\/vicente\/itau-unibanco-piora-projecoes-para-o-pib-de-2021-e-de-2022\/\"> Ita\u00fa Unibanco reduzir ontem de 2% para 1,5% a previs\u00e3o de crescimento do Produto Interno Bruto (PIB) de 2022, e revisar de 5,8% para 5,7% a estimativa de crescimento do PIB deste ano<\/a>, a MB Associados divulgou um relat\u00f3rio nesta sexta-feira (13\/8) com uma previs\u00e3o mais pessimista para o PIB do ano que vem.<\/p>\n<p>&nbsp;<\/p>\n<p>De acordo com o economista-chefe da MB, Sergio Vale, a nova estimativa de expans\u00e3o do PIB de 2022 passou de 1,8% para 1,4%. J\u00e1 a previs\u00e3o para o crescimento da economia brasileira em 2021, de 4,7%, foi mantida. Contudo, o especialista reconheceu novas revis\u00f5es para baixo do PIB do pr\u00f3ximo ano n\u00e3o est\u00e3o descartadas devido aos riscos crescentes, tanto pol\u00edticos quanto econ\u00f4micos.<\/p>\n<p>&nbsp;<\/p>\n<p>&#8220;Os\u00a0os riscos s\u00e3o nas esferas pol\u00edtica e econ\u00f4mica e se continuar nesse cen\u00e1rio de piora gradual podemos revisar para baixo ainda&#8221;, afirmou Vale. Segundo ele, a quest\u00e3o fiscal continua no radar em meio ao avan\u00e7o do calend\u00e1rio eleitoral e ao enfraquecimento do ministro da Economia, Paulo Guedes, que vem perdendo poder e pastas em seu superminist\u00e9rio.\u00a0&#8220;O fiscal \u00e9 mais um elemento de risco. A preocupa\u00e7\u00e3o \u00e9 eleitoral e o Guedes perdeu capacidade de impedir a deteriora\u00e7\u00e3o, infelizmente&#8221;, frisou.<\/p>\n<p>&nbsp;<\/p>\n<p>De acordo com Vale, a conjun\u00e7\u00e3o de crise\u00a0pol\u00edtica e econ\u00f4mica, com elevada taxa de desemprego e taxa de juros para conter a infla\u00e7\u00e3o, tirar\u00e1\u00a0crescimento do consumo e dos investimentos em 2022. Apenas a exporta\u00e7\u00e3o deve subir bem, mas n\u00e3o\u00a0compensando os demais setores, que t\u00eam mais peso. &#8220;Na verdade, 1,4% significa dizer que voltamos ao\u00a0padr\u00e3o med\u00edocre de crescimento que estamos tendo desde a sa\u00edda da recess\u00e3o em 2016&#8221;, alertou o economista no relat\u00f3rio.<\/p>\n<p>&nbsp;<\/p>\n<p>&#8220;Com uma crise\u00a0criada pelo pr\u00f3prio governo quando sinaliza uma pol\u00edtica fiscal de m\u00e1 qualidade, em conjun\u00e7\u00e3o com uma\u00a0gest\u00e3o que segue amea\u00e7ando padr\u00f5es estabelecidos de democracia, o risco potencial \u00e9 de termos que rever\u00a0esses n\u00fameros ainda para baixo no futuro. Vale dizer que a press\u00e3o fiscal, que n\u00e3o ajuda na conten\u00e7\u00e3o da\u00a0infla\u00e7\u00e3o, for\u00e7a o Banco Central a ter que ser mais agressivo nos juros, o que piora ainda mais o custo da\u00a0d\u00edvida p\u00fablica, aumentando o risco e depreciando a taxa de c\u00e2mbio. Esse c\u00edrculo vicioso estar\u00e1 presente com\u00a0intensidade em 2022, trazendo riscos de gest\u00e3o de pol\u00edtica econ\u00f4mica que se estender\u00e3o para o primeiro<br \/>\nano do pr\u00f3ximo mandato&#8221;, destacou o economista.<\/p>\n<p>&nbsp;<\/p>\n<p><strong>PIB do segundo trimestre<\/strong><\/p>\n<p>&nbsp;<\/p>\n<p>Pelas estimativas da MB, o PIB do segundo trimestre, que vai ser\u00e1 divulgado pelo Instituto Brasileiro de Geografia e Estat\u00edstica (IBGE) no in\u00edcio de setembro, dever\u00e1 vir positivo, com alta de 0,5% na margem &#8212;\u00a0 na compara\u00e7\u00e3o com o trimestre anterior. Em rela\u00e7\u00e3o ao tombo o PIB do primeiro Na compara\u00e7\u00e3o anual, quando a economia desabou 10,9,% em rela\u00e7\u00e3o ao mesmo per\u00edodo de 2019, a previs\u00e3o \u00e9 de avan\u00e7o de 13%.<\/p>\n<p>&nbsp;<\/p>\n<p>&#8220;O resultado \u00e9 bastante positivo dados os riscos de in\u00edcio de ano de\u00a0podermos ter recess\u00e3o por causa da segunda onda da pandemia, que acabou n\u00e3o impactando a atividade\u00a0como se esperava. Dada a baixa base de compara\u00e7\u00e3o, praticamente todos os segmentos ter\u00e3o forte\u00a0expans\u00e3o, com exce\u00e7\u00e3o da agropecu\u00e1ria pelas dificuldades de produ\u00e7\u00e3o em diversas culturas, especialmente\u00a0milho&#8221;, escreveu Vale no relat\u00f3rio. Para ele, o\u00a0terceiro e o quarto trimestres tamb\u00e9m devem apresentar alta, mas ainda colocamos como alerta\u00a0especialmente a possibilidade de impacto da crise h\u00eddrica, como j\u00e1 alertado nos coment\u00e1rios anteriores.\u00a0 Ele espera alta de apenas 0,5% no \u00faltimo trimestre deste ano.<\/p>\n<p>&nbsp;<\/p>\n<p>Tabela 1. P<\/p>\n","protected":false},"excerpt":{"rendered":"<p>ROSANA HESSEL &nbsp; Ap\u00f3s o Ita\u00fa Unibanco reduzir ontem de 2% para 1,5% a previs\u00e3o de crescimento do Produto Interno Bruto (PIB) de 2022, e revisar de 5,8% para 5,7% a estimativa de crescimento do PIB deste ano, a MB Associados divulgou um relat\u00f3rio nesta sexta-feira (13\/8) com uma previs\u00e3o mais pessimista para o PIB [&hellip;]<\/p>\n","protected":false},"author":22,"featured_media":18813,"comment_status":"open","ping_status":"closed","sticky":false,"template":"","format":"standard","meta":{"footnotes":""},"categories":[600],"tags":[2581,5565,4841,58,5685],"class_list":["post-20411","post","type-post","status-publish","format-standard","has-post-thumbnail","hentry","category-economia","tag-atividade-economica","tag-macroeconomia","tag-mb-associados","tag-pib","tag-previsoes"],"_links":{"self":[{"href":"https:\/\/blogs.correiobraziliense.com.br\/vicente\/wp-json\/wp\/v2\/posts\/20411","targetHints":{"allow":["GET"]}}],"collection":[{"href":"https:\/\/blogs.correiobraziliense.com.br\/vicente\/wp-json\/wp\/v2\/posts"}],"about":[{"href":"https:\/\/blogs.correiobraziliense.com.br\/vicente\/wp-json\/wp\/v2\/types\/post"}],"author":[{"embeddable":true,"href":"https:\/\/blogs.correiobraziliense.com.br\/vicente\/wp-json\/wp\/v2\/users\/22"}],"replies":[{"embeddable":true,"href":"https:\/\/blogs.correiobraziliense.com.br\/vicente\/wp-json\/wp\/v2\/comments?post=20411"}],"version-history":[{"count":3,"href":"https:\/\/blogs.correiobraziliense.com.br\/vicente\/wp-json\/wp\/v2\/posts\/20411\/revisions"}],"predecessor-version":[{"id":20414,"href":"https:\/\/blogs.correiobraziliense.com.br\/vicente\/wp-json\/wp\/v2\/posts\/20411\/revisions\/20414"}],"wp:featuredmedia":[{"embeddable":true,"href":"https:\/\/blogs.correiobraziliense.com.br\/vicente\/wp-json\/wp\/v2\/media\/18813"}],"wp:attachment":[{"href":"https:\/\/blogs.correiobraziliense.com.br\/vicente\/wp-json\/wp\/v2\/media?parent=20411"}],"wp:term":[{"taxonomy":"category","embeddable":true,"href":"https:\/\/blogs.correiobraziliense.com.br\/vicente\/wp-json\/wp\/v2\/categories?post=20411"},{"taxonomy":"post_tag","embeddable":true,"href":"https:\/\/blogs.correiobraziliense.com.br\/vicente\/wp-json\/wp\/v2\/tags?post=20411"}],"curies":[{"name":"wp","href":"https:\/\/api.w.org\/{rel}","templated":true}]}}