{"id":2039,"date":"2016-07-18T18:01:30","date_gmt":"2016-07-18T21:01:30","guid":{"rendered":"https:\/\/blogs.correiobraziliense.com.br\/vicente\/?p=2039"},"modified":"2016-07-18T18:56:49","modified_gmt":"2016-07-18T21:56:49","slug":"temer-prepara-afago-classe-media","status":"publish","type":"post","link":"https:\/\/blogs.correiobraziliense.com.br\/vicente\/temer-prepara-afago-classe-media\/","title":{"rendered":"Temer prepara afago \u00e0 classe m\u00e9dia"},"content":{"rendered":"<p>POR SIMONE KAFRINI<\/p>\n<p>&nbsp;<\/p>\n<p>Embalado pelas pesquisas de popularidade, que mostram que metade da popula\u00e7\u00e3o prefere Michel Temer a Dilma Rousseff no comando do pa\u00eds, o governo est\u00e1 preparando um pacote de bondades para afagar a classe m\u00e9dia, grupo no qual o presidente interino quer se consolidar como op\u00e7\u00e3o \u00e0 Presid\u00eancia da Rep\u00fablica em 2018, e ao empresariado.<\/p>\n<p>&nbsp;<\/p>\n<p>Depois de avaliar com assessores mais pr\u00f3ximos os resultados do Datafolha, que tamb\u00e9m apontou uma percep\u00e7\u00e3o melhor da popula\u00e7\u00e3o em rela\u00e7\u00e3o a economia, Temer deve come\u00e7ar o afago \u00e0 classe m\u00e9dia lan\u00e7ando linhas de financiamento para a casa pr\u00f3pria com juros mais baixos.<\/p>\n<p>&nbsp;<\/p>\n<p>As medidas preparadas pela equipe econ\u00f4mica v\u00e3o incluir facilidades maiores nas concess\u00f5es de infraestrutura e nas privatiza\u00e7\u00f5es. O governo acredita que o empresariado tender\u00e1 a responder com maior rapidez a regras mais flex\u00edveis para a aquisi\u00e7\u00e3o dos ativos que ser\u00e3o ofertados.<\/p>\n<p>&nbsp;<\/p>\n<p>Como diz um assessor do Pal\u00e1cio do Planalto, &#8220;Temer est\u00e1 empolgado e tem pressa&#8221;. A grande preocupa\u00e7\u00e3o da equipe econ\u00f4mica \u00e9 que o governo n\u00e3o meta os p\u00e9s pelas m\u00e3os e cometa os mesmos erros de Dilma Rousseff. Ela lan\u00e7ou v\u00e1rias medidas com o intuito de estimular a economia, mas que acabaram empurrando a atividade para o buraco.<\/p>\n<p>&nbsp;<\/p>\n<p>O pacote de medidas ser\u00e1 apresentado a Temer na ter\u00e7a-feira, 19, no fim da manh\u00e3.<\/p>\n<p>&nbsp;<\/p>\n<p><em>Bras\u00edlia, 18h01min<\/em><\/p>\n","protected":false},"excerpt":{"rendered":"<p>POR SIMONE KAFRINI &nbsp; Embalado pelas pesquisas de popularidade, que mostram que metade da popula\u00e7\u00e3o prefere Michel Temer a Dilma Rousseff no comando do pa\u00eds, o governo est\u00e1 preparando um pacote de bondades para afagar a classe m\u00e9dia, grupo no qual o presidente interino quer se consolidar como op\u00e7\u00e3o \u00e0 Presid\u00eancia da Rep\u00fablica em 2018, [&hellip;]<\/p>\n","protected":false},"author":22,"featured_media":0,"comment_status":"open","ping_status":"closed","sticky":false,"template":"","format":"standard","meta":{"footnotes":""},"categories":[600],"tags":[],"class_list":["post-2039","post","type-post","status-publish","format-standard","hentry","category-economia"],"_links":{"self":[{"href":"https:\/\/blogs.correiobraziliense.com.br\/vicente\/wp-json\/wp\/v2\/posts\/2039","targetHints":{"allow":["GET"]}}],"collection":[{"href":"https:\/\/blogs.correiobraziliense.com.br\/vicente\/wp-json\/wp\/v2\/posts"}],"about":[{"href":"https:\/\/blogs.correiobraziliense.com.br\/vicente\/wp-json\/wp\/v2\/types\/post"}],"author":[{"embeddable":true,"href":"https:\/\/blogs.correiobraziliense.com.br\/vicente\/wp-json\/wp\/v2\/users\/22"}],"replies":[{"embeddable":true,"href":"https:\/\/blogs.correiobraziliense.com.br\/vicente\/wp-json\/wp\/v2\/comments?post=2039"}],"version-history":[{"count":1,"href":"https:\/\/blogs.correiobraziliense.com.br\/vicente\/wp-json\/wp\/v2\/posts\/2039\/revisions"}],"predecessor-version":[{"id":2040,"href":"https:\/\/blogs.correiobraziliense.com.br\/vicente\/wp-json\/wp\/v2\/posts\/2039\/revisions\/2040"}],"wp:attachment":[{"href":"https:\/\/blogs.correiobraziliense.com.br\/vicente\/wp-json\/wp\/v2\/media?parent=2039"}],"wp:term":[{"taxonomy":"category","embeddable":true,"href":"https:\/\/blogs.correiobraziliense.com.br\/vicente\/wp-json\/wp\/v2\/categories?post=2039"},{"taxonomy":"post_tag","embeddable":true,"href":"https:\/\/blogs.correiobraziliense.com.br\/vicente\/wp-json\/wp\/v2\/tags?post=2039"}],"curies":[{"name":"wp","href":"https:\/\/api.w.org\/{rel}","templated":true}]}}