{"id":20360,"date":"2021-08-11T13:00:13","date_gmt":"2021-08-11T16:00:13","guid":{"rendered":"https:\/\/blogs.correiobraziliense.com.br\/vicente\/?p=20360"},"modified":"2021-08-12T12:20:37","modified_gmt":"2021-08-12T15:20:37","slug":"crise-politica-pode-fazer-pib-desacelerar-para-perto-de-1-em-2022","status":"publish","type":"post","link":"https:\/\/blogs.correiobraziliense.com.br\/vicente\/crise-politica-pode-fazer-pib-desacelerar-para-perto-de-1-em-2022\/","title":{"rendered":"Crise pol\u00edtica pode fazer PIB desacelerar para perto de 1% em 2022"},"content":{"rendered":"<h2>ROSANA HESSEL<\/h2>\n<h2><\/h2>\n<h2>Enquanto o presidente Jair Bolsonaro (sem partido) insiste em criar uma crise institucional, a confian\u00e7a no pa\u00eds e no governo derrete em meio \u00e0 crise pol\u00edtica e a piora no cen\u00e1rio econ\u00f4mico. As estimativas de crescimento do pa\u00eds est\u00e3o sendo revisadas para baixo e tudo indica que haver\u00e1 um crescimento p\u00edfio do Produto Interno Bruto (PIB) em 2022, cada vez mais perto de 1% do que de dos 2,05% atualmente previstos na mediana das proje\u00e7\u00f5es do mercado coletadas no boletim Focus, do Banco Central.<\/h2>\n<p>&nbsp;<\/p>\n<p dir=\"ltr\">&#8220;Esse crescimento mais perto de 1% pode ocorrer se continuarmos nessa situa\u00e7\u00e3o pol\u00edtica de crise em 2022.\u00a0Por enquanto, estamos com 1,8% (de previs\u00e3o para o PIB do ano que vem), mas com vi\u00e9s de baixa&#8221;, alertou o economista-chefe da MB Associados, Sergio Vale. Para o PIB de 2021, as estimativas da consultoria s\u00e3o de crescimento de 4,7%, o que coincide com as estimativas de analistas que reconhecem que as chances de o PIB crescer acima de 5% est\u00e3o diminuindo, apesar dos avan\u00e7os na vacina\u00e7\u00e3o contra a covid-19, porque ainda h\u00e1 muitas incertezas em rela\u00e7\u00e3o aos impactos da variante Delta, devido \u00e0 s\u00e9rie de riscos no caminho, como infla\u00e7\u00e3o, crise h\u00eddrica e desemprego elevado, que contribuem para retomada mais lenta do que o previsto pelo governo.<\/p>\n<p dir=\"ltr\">O especialista da MB alertou para os riscos que est\u00e3o aumentando em rela\u00e7\u00e3o ao teto de gastos &#8212; emenda constitucional que limita o aumento das despesas \u00e0 infla\u00e7\u00e3o do ano anterior e\u00a0 \u00fanica \u00e2ncora fiscal em vigor &#8211;, que est\u00e1 sendo burlado pela Proposta de Emenda \u00e0 Constitui\u00e7\u00e3o (PEC) dos precat\u00f3rios elaborada pelo Minist\u00e9rio da Economia, como bem apontou <a href=\"https:\/\/blogs.correiobraziliense.com.br\/vicente\/para-ifi-risco-fiscal-aumenta-e-transparencia-diminui-com-a-pec-dos-precatorios\/\">o relat\u00f3rio da Institui\u00e7\u00e3o Fiscal Independente (IFI), divulgado ontem (10\/8)<\/a>.<\/p>\n<p dir=\"ltr\">&#8220;O\u00a0efeito de uma medida que preconiza produzir espa\u00e7o fiscal, mas \u00e0 custa das regras do\u00a0jogo, causar\u00e1 uma turbul\u00eancia relevante sobre as expectativas do mercado. O ganho que se observa\u00a0na superf\u00edcie ser\u00e1 rapidamente suplantado pelo preju\u00edzo causado ao quadro fiscal agregado, via juros\u00a0e d\u00edvida p\u00fablica&#8221;, escreveram os economistas e diretores da IFI Felipe Salto e Daniel Couri no relat\u00f3rio.<\/p>\n<p dir=\"ltr\">Sergio Vale refor\u00e7ou o alerta para o aumento do risco fiscal, especialmente, com o casamento de conveni\u00eancia entre o Centr\u00e3o e o governo Bolsonaro, que acabaram resultando nos pacotes anunciados do novo Bolsa Fam\u00edlia e da PEC dos precat\u00f3rios, que levantaram mais d\u00favidas do que certezas sobre a capacidade do governo conseguir evitar um descontrole nas contas p\u00fablicas e o respeito a teto de gastos.\u00a0 &#8220;Os valores que est\u00e3o sendo colocados para o novo Bolsa Fam\u00edlia ser\u00e3o dif\u00edceis de caber no teto ano que vem. Mas, como a solu\u00e7\u00e3o \u00e9 pol\u00edtico-eleitoral, o fiscal sair\u00e1 perdendo. \u00c9 mais um tiro no p\u00e9 que vemos um presidente dar. E, dessa vez, \u00e9 ainda pior, porque se coloca um risco \u00e0 democracia que n\u00e3o existia antes\u201d, explicou.<\/p>\n<p dir=\"ltr\">O economista-chefe do Banco Fator, Jos\u00e9 Francisco de Lima Gon\u00e7alves, refor\u00e7ou que as incertezas est\u00e3o aumentando enquanto Bolsonaro insiste na crise institucional e em amea\u00e7as ao regime democr\u00e1tico. \u201cO clima est\u00e1 horroroso e o cen\u00e1rio \u00e9 de juros altos, c\u00e2mbio valorizado e de economia para baixo. A PEC dos precat\u00f3rios \u00e9 o c\u00famulo da incompet\u00eancia e mostra que a quest\u00e3o fiscal s\u00f3 vai piorar e, com isso, o Banco Central ainda ter\u00e1 mais trabalho, pois a economia brasileira n\u00e3o dever\u00e1 crescer acima de 5%, neste ano, e dificilmente crescer\u00e1 acima de 2% no ano que vem&#8221;, alertou. Ele contou que est\u00e1 revisando as estimativas e reconheceu que o d\u00f3lar n\u00e3o dever\u00e1 ficar abaixo de R$ 5 t\u00e3o cedo nessa atual conjuntura e, com a infla\u00e7\u00e3o cada vez mais elevada, o brasileiro ainda precisar\u00e1 conviver com o encolhimento da renda e com o desemprego elevado.<\/p>\n<p dir=\"ltr\">Conforme dados do Banco Central divulgados nesta quarta-feira (11\/08) sobre o question\u00e1rio feito pr\u00e9-Copom, o percentual de economistas prevendo vi\u00e9s de queda nas proje\u00e7\u00f5es do PIB de 2022 passou de 24% para 29%. J\u00e1 os que tinham vi\u00e9s de alta, encolheu de 17% para 12%.<\/p>\n<p dir=\"ltr\"><strong>Cen\u00e1rio previs\u00edvel<\/strong><\/p>\n<p dir=\"ltr\">Apesar de manter em 5,4% as proje\u00e7\u00f5es do PIB brasileiro de 2021, Marcos Ross Fernandes, economista-chefe do banco Haitong, atualmente prev\u00ea 1,5% de expans\u00e3o da economia em 2022 &#8212; uma das mais pessimistas no mercado atualmente. De acordo com ele, o fato de o Banco Central sinalizar um aumento mais forte na taxa b\u00e1sica de juros (Selic) e por um per\u00edodo mais longo deve contribuir para esse cen\u00e1rio de PIB mais fraco no ano que vem.<\/p>\n<p dir=\"ltr\">O\u00a0 economista do banco chin\u00eas tamb\u00e9m reconheceu que a deteriora\u00e7\u00e3o das expectativas e queda da confian\u00e7a tamb\u00e9m s\u00e3o dos ingredientes adicionais para um PIB mais fraco. &#8220;O agravamento da crise institucional e a aproxima\u00e7\u00e3o das elei\u00e7\u00f5es presidenci\u00e1veis tender\u00e3o a aumentar as incertezas e possivelmente pesar\u00e3o nas decis\u00f5es de consumo e investimento dos agentes econ\u00f4micos&#8221;, explicou. &#8220;O crescimento global tende a ajudar, mas incertezas persistem por conta da pandemia: apesar da vacina\u00e7\u00e3o r\u00e1pida e do maior controle da pandemia, ainda acreditamos que os efeitos negativos da pandemia podem pesar em 2022. O exemplo recente da variante Delta \u00e9 ilustrativo. Esse cen\u00e1rio pode se agravar se os pa\u00edses n\u00e3o conseguirem atingir n\u00edveis maiores de vacina\u00e7\u00e3o&#8221;, alertou.<\/p>\n<p dir=\"ltr\">&#8220;J\u00e1\u00a0t\u00ednhamos uma vis\u00e3o de que o BC iria levar o ciclo pra mais longe. Enquanto o Focus estimava 6,25% a 6,5% para a Selic, antev\u00edamos 7.25%. Agora, o Focus est\u00e1 prevendo Selic em 7,25% e n\u00f3s estamos com 7,75%.\u00a0O efeito defasado da pol\u00edtica monet\u00e1ria vai pegar o Brasil mais em cheio no primeiro semestre de 2022. Nesse sentido, acredito que o setor manufatureiro, que tem uma centralidade grande na cadeia produtiva brasileira e que sustentou a recupera\u00e7\u00e3o entre o fim de 2020 e come\u00e7o de 2021, ser\u00e1 um dos setores que mais sofrer\u00e1 com essa normaliza\u00e7\u00e3o&#8221;, explicou Fernandes.<\/p>\n<p dir=\"ltr\">Na avalia\u00e7\u00e3o do analista, outros fatores que devem contribuir para essa desacelera\u00e7\u00e3o no PIB ser\u00e1 a oferta de cr\u00e9dito mais restritiva. &#8220;O\u00a0 endividamento das fam\u00edlias est\u00e1 no seu ponto mais alto. Com juros subindo e com o fim de todas as pol\u00edticas de renda e de suporte a cr\u00e9dito, a inadimpl\u00eancia, possivelmente, vai subir e isso vai limitar a oferta de cr\u00e9dito. Os bancos tamb\u00e9m, aos poucos, v\u00e3o aumentando as provis\u00f5es. Isso possivelmente vai acontecer a despeito do Open Banking e da maior competi\u00e7\u00e3o banc\u00e1ria associada a isso&#8221;, acrescentou.<\/p>\n<p dir=\"ltr\">\n","protected":false},"excerpt":{"rendered":"<p>ROSANA HESSEL Enquanto o presidente Jair Bolsonaro (sem partido) insiste em criar uma crise institucional, a confian\u00e7a no pa\u00eds e no governo derrete em meio \u00e0 crise pol\u00edtica e a piora no cen\u00e1rio econ\u00f4mico. As estimativas de crescimento do pa\u00eds est\u00e3o sendo revisadas para baixo e tudo indica que haver\u00e1 um crescimento p\u00edfio do Produto [&hellip;]<\/p>\n","protected":false},"author":22,"featured_media":19647,"comment_status":"open","ping_status":"closed","sticky":false,"template":"","format":"standard","meta":{"footnotes":""},"categories":[600],"tags":[2581,5679,5678,113,1540,5677,4841,4510,58],"class_list":["post-20360","post","type-post","status-publish","format-standard","has-post-thumbnail","hentry","category-economia","tag-atividade-economica","tag-banco-fator","tag-banco-haitong","tag-crescimento","tag-crise-politica","tag-desaceleracao","tag-mb-associados","tag-pandemia","tag-pib"],"_links":{"self":[{"href":"https:\/\/blogs.correiobraziliense.com.br\/vicente\/wp-json\/wp\/v2\/posts\/20360","targetHints":{"allow":["GET"]}}],"collection":[{"href":"https:\/\/blogs.correiobraziliense.com.br\/vicente\/wp-json\/wp\/v2\/posts"}],"about":[{"href":"https:\/\/blogs.correiobraziliense.com.br\/vicente\/wp-json\/wp\/v2\/types\/post"}],"author":[{"embeddable":true,"href":"https:\/\/blogs.correiobraziliense.com.br\/vicente\/wp-json\/wp\/v2\/users\/22"}],"replies":[{"embeddable":true,"href":"https:\/\/blogs.correiobraziliense.com.br\/vicente\/wp-json\/wp\/v2\/comments?post=20360"}],"version-history":[{"count":11,"href":"https:\/\/blogs.correiobraziliense.com.br\/vicente\/wp-json\/wp\/v2\/posts\/20360\/revisions"}],"predecessor-version":[{"id":20390,"href":"https:\/\/blogs.correiobraziliense.com.br\/vicente\/wp-json\/wp\/v2\/posts\/20360\/revisions\/20390"}],"wp:featuredmedia":[{"embeddable":true,"href":"https:\/\/blogs.correiobraziliense.com.br\/vicente\/wp-json\/wp\/v2\/media\/19647"}],"wp:attachment":[{"href":"https:\/\/blogs.correiobraziliense.com.br\/vicente\/wp-json\/wp\/v2\/media?parent=20360"}],"wp:term":[{"taxonomy":"category","embeddable":true,"href":"https:\/\/blogs.correiobraziliense.com.br\/vicente\/wp-json\/wp\/v2\/categories?post=20360"},{"taxonomy":"post_tag","embeddable":true,"href":"https:\/\/blogs.correiobraziliense.com.br\/vicente\/wp-json\/wp\/v2\/tags?post=20360"}],"curies":[{"name":"wp","href":"https:\/\/api.w.org\/{rel}","templated":true}]}}