{"id":20330,"date":"2021-08-10T12:01:07","date_gmt":"2021-08-10T15:01:07","guid":{"rendered":"https:\/\/blogs.correiobraziliense.com.br\/vicente\/?p=20330"},"modified":"2021-08-10T14:34:11","modified_gmt":"2021-08-10T17:34:11","slug":"bolsonaro-ovaciona-os-tanques-e-a-populacao-sofre-com-a-inflacao-os-juros-e-o-desemprego","status":"publish","type":"post","link":"https:\/\/blogs.correiobraziliense.com.br\/vicente\/bolsonaro-ovaciona-os-tanques-e-a-populacao-sofre-com-a-inflacao-os-juros-e-o-desemprego\/","title":{"rendered":"Bolsonaro ovaciona os tanques e a popula\u00e7\u00e3o sofre com a infla\u00e7\u00e3o, os juros e o desemprego"},"content":{"rendered":"<h2>O presidente Jair Bolsonaro comandou, nesta ter\u00e7a-feira (10\/08), um verdadeiro show de horrores na Esplanada dos Minist\u00e9rios. Ao ordenar um desfile de blindados de guerra velhos, soltando fuma\u00e7a escura, cometeu um atentado \u00e0 popula\u00e7\u00e3o, que sofre com a infla\u00e7\u00e3o em disparada, os juros em alta, o desemprego recorde, a crise h\u00eddrica e uma pandemia que continua matando muita gente.<\/h2>\n<p>&nbsp;<\/p>\n<p>Ao reunir asseclas no Pal\u00e1cio do Planalto, o presidente tentou dar uma demonstra\u00e7\u00e3o de for\u00e7a que n\u00e3o tem. \u00c9 rejeitado pela maioria do eleitorado, al\u00e9m de ser visto como mentiroso e incapaz para o cargo. Bolsonaro, ultimamente, s\u00f3 fala para radicais malucos. Ningu\u00e9m de bom senso o ap\u00f3ia mais. Nem no mercado financeiro, que o insuflou por muito tempo.<\/p>\n<p>&nbsp;<\/p>\n<p>\u00c9 constrangedor ver as For\u00e7as Armadas apoiando as bizarrices de Bolsonaro. \u00c9 verdade que boa parte dos fardados de altas patentes da ativa n\u00e3o compartilham das loucuras do chefe do Executivo. Mesmo o comandante do Ex\u00e9rcito, general Paulo S\u00e9rgio, que esteve no circo montado pelo Planalto, \u00e9 cr\u00edtico da obsess\u00e3o do presidente de usar as For\u00e7as Armadas para tentar intimidar seus opositores.<\/p>\n<p>&nbsp;<\/p>\n<p>Hoje, os principais militares a apoiarem Bolsonaro em movimentos golpistas s\u00e3o os generais Braga Netto, ministro da Defesa, e Luiz Eduardo Ramos, ministro da Secretaria-Geral da Presid\u00eancias. Os dois est\u00e3o inebriados pelo poder. E n\u00e3o querem largar as boquinhas que lhes rendem quase R$ 70 mil por m\u00eas, ainda que tenham de patrocinar um golpe militar.<\/p>\n<p>&nbsp;<\/p>\n<p><strong>Arroubos autorit\u00e1rios<\/strong><\/p>\n<p>&nbsp;<\/p>\n<p>O desfile vazio na Esplanada foi o exemplo mais claro de que a popula\u00e7\u00e3o n\u00e3o aceita os arroubos autorit\u00e1rios de Bolsonaro. Est\u00e1 mais preocupada em resolver seus problemas imediatos, como a infla\u00e7\u00e3o que chegou a 0,96% em julho, a maior para o m\u00eas desde 2002. Fam\u00edlias desempregadas est\u00e3o sendo despejadas, sendo obrigadas a viverem nas ruas.<\/p>\n<p>&nbsp;<\/p>\n<p>Infelizmente, o Brasil n\u00e3o tem hoje um presidente da Rep\u00fablica, um governante que lute pelo bem-estar do povo. O que se v\u00ea \u00e9 um arremedo de ditador, que s\u00f3 est\u00e1 preocupado com sua reelei\u00e7\u00e3o e em proteger aqueles que abaixam a cabe\u00e7a para suas loucuras. O Brasil est\u00e1 derretendo. A desconfian\u00e7a \u00e9 geral, a ponto de derrubar as proje\u00e7\u00f5es de crescimento econ\u00f4mico para 2022.<\/p>\n<p>&nbsp;<\/p>\n<p>Tomara que a C\u00e2mara dos Deputados tenha ju\u00edzo e, para o bem do pa\u00eds, enterre de vez a PEC do voto impresso. O Brasil n\u00e3o aceita retrocessos. Melhor deixar Bolsonaro vivendo numa bolha, em que a mentira \u00e9 rotina. Bolsonaro apodreceu. S\u00f3 ele n\u00e3o se deu conta disso.<\/p>\n<p>&nbsp;<\/p>\n<p><em>Bras\u00edlia, 12h01min<\/em><\/p>\n<p>&nbsp;<\/p>\n","protected":false},"excerpt":{"rendered":"<p>O presidente Jair Bolsonaro comandou, nesta ter\u00e7a-feira (10\/08), um verdadeiro show de horrores na Esplanada dos Minist\u00e9rios. Ao ordenar um desfile de blindados de guerra velhos, soltando fuma\u00e7a escura, cometeu um atentado \u00e0 popula\u00e7\u00e3o, que sofre com a infla\u00e7\u00e3o em disparada, os juros em alta, o desemprego recorde, a crise h\u00eddrica e uma pandemia que [&hellip;]<\/p>\n","protected":false},"author":22,"featured_media":20336,"comment_status":"open","ping_status":"closed","sticky":false,"template":"","format":"standard","meta":{"footnotes":""},"categories":[600],"tags":[5673,926,5674,2526,2787],"class_list":["post-20330","post","type-post","status-publish","format-standard","has-post-thumbnail","hentry","category-economia","tag-bolsonaro-ovaciona-os-tanques-e-a-populacao-sofre-com-a-inflacao","tag-brasilia","tag-os-juros-e-o-desemprego","tag-poder","tag-politica"],"_links":{"self":[{"href":"https:\/\/blogs.correiobraziliense.com.br\/vicente\/wp-json\/wp\/v2\/posts\/20330","targetHints":{"allow":["GET"]}}],"collection":[{"href":"https:\/\/blogs.correiobraziliense.com.br\/vicente\/wp-json\/wp\/v2\/posts"}],"about":[{"href":"https:\/\/blogs.correiobraziliense.com.br\/vicente\/wp-json\/wp\/v2\/types\/post"}],"author":[{"embeddable":true,"href":"https:\/\/blogs.correiobraziliense.com.br\/vicente\/wp-json\/wp\/v2\/users\/22"}],"replies":[{"embeddable":true,"href":"https:\/\/blogs.correiobraziliense.com.br\/vicente\/wp-json\/wp\/v2\/comments?post=20330"}],"version-history":[{"count":1,"href":"https:\/\/blogs.correiobraziliense.com.br\/vicente\/wp-json\/wp\/v2\/posts\/20330\/revisions"}],"predecessor-version":[{"id":20335,"href":"https:\/\/blogs.correiobraziliense.com.br\/vicente\/wp-json\/wp\/v2\/posts\/20330\/revisions\/20335"}],"wp:featuredmedia":[{"embeddable":true,"href":"https:\/\/blogs.correiobraziliense.com.br\/vicente\/wp-json\/wp\/v2\/media\/20336"}],"wp:attachment":[{"href":"https:\/\/blogs.correiobraziliense.com.br\/vicente\/wp-json\/wp\/v2\/media?parent=20330"}],"wp:term":[{"taxonomy":"category","embeddable":true,"href":"https:\/\/blogs.correiobraziliense.com.br\/vicente\/wp-json\/wp\/v2\/categories?post=20330"},{"taxonomy":"post_tag","embeddable":true,"href":"https:\/\/blogs.correiobraziliense.com.br\/vicente\/wp-json\/wp\/v2\/tags?post=20330"}],"curies":[{"name":"wp","href":"https:\/\/api.w.org\/{rel}","templated":true}]}}