{"id":2033,"date":"2016-07-18T15:50:30","date_gmt":"2016-07-18T18:50:30","guid":{"rendered":"https:\/\/blogs.correiobraziliense.com.br\/vicente\/?p=2033"},"modified":"2016-07-18T16:44:17","modified_gmt":"2016-07-18T19:44:17","slug":"defensores-publicos-entregam-cargos-de-chefia-e-mantem-mobilizacao","status":"publish","type":"post","link":"https:\/\/blogs.correiobraziliense.com.br\/vicente\/defensores-publicos-entregam-cargos-de-chefia-e-mantem-mobilizacao\/","title":{"rendered":"Defensores p\u00fablicos entregam cargos de chefia e mant\u00eam mobiliza\u00e7\u00e3o"},"content":{"rendered":"<p>A press\u00e3o dos servidores sobre o governo n\u00e3o d\u00e1 tr\u00e9gua. Os defensores p\u00fablicos federais entregaram os cargos de chefia e v\u00e3o manter a mobiliza\u00e7\u00e3o que restringe a presta\u00e7\u00e3o de servi\u00e7os \u00e0 popula\u00e7\u00e3o. Enquanto durar o movimento, s\u00f3 ser\u00e3o atendidas demandas urgentes, como as que envolvam restri\u00e7\u00e3o \u00e0 liberdade de locomo\u00e7\u00e3o, perecimento de direito e risco de vida e da sa\u00fade.<\/p>\n<p>&nbsp;<\/p>\n<p>A entrega dos cargos tamb\u00e9m suspende a participa\u00e7\u00e3o dos defensores em mutir\u00f5es de concilia\u00e7\u00e3o e em todos os projetos e audi\u00eancias itinerantes realizadas pela Justi\u00e7a Federal a partir desta segunda-feira, 18.<\/p>\n<p>&nbsp;<\/p>\n<p>Segundo a Associa\u00e7\u00e3o Nacional dos Defensores P\u00fablicos Federais (Anadef), os servidores n\u00e3o v\u00e3o descansar enquanto n\u00e3o houver a aprova\u00e7\u00e3o, pelo Senado, do PLC 32\/2016, que trata do subs\u00eddio do Defensor P\u00fablico-Geral Federal. A decis\u00e3o foi tomada em assembleia na sexta-feira (15). A ordem \u00e9 intensificar a mobiliza\u00e7\u00e3o ap\u00f3s o per\u00edodo de recesso legislativo.<\/p>\n<p>&nbsp;<\/p>\n<p>A Anadef informa que a aprova\u00e7\u00e3o do PLC 32\/2016 \u00e9 necess\u00e1ria para recompor parte das perdas inflacion\u00e1rias dos \u00faltimos anos e explica e que a mobiliza\u00e7\u00e3o e a entrega dos cargos s\u00e3o resultados da aus\u00eancia de estrutura\u00e7\u00e3o adequada das unidades da Defensoria P\u00fablica da Uni\u00e3o (DPU) e do tratamento discriminat\u00f3rio dispensado pelo governo em compara\u00e7\u00e3o \u00e0s demais carreiras que comp\u00f5em o sistema de Justi\u00e7a.<\/p>\n<p><em>Bras\u00edlia, 15h50min<\/em><\/p>\n","protected":false},"excerpt":{"rendered":"<p>A press\u00e3o dos servidores sobre o governo n\u00e3o d\u00e1 tr\u00e9gua. Os defensores p\u00fablicos federais entregaram os cargos de chefia e v\u00e3o manter a mobiliza\u00e7\u00e3o que restringe a presta\u00e7\u00e3o de servi\u00e7os \u00e0 popula\u00e7\u00e3o. Enquanto durar o movimento, s\u00f3 ser\u00e3o atendidas demandas urgentes, como as que envolvam restri\u00e7\u00e3o \u00e0 liberdade de locomo\u00e7\u00e3o, perecimento de direito e risco [&hellip;]<\/p>\n","protected":false},"author":22,"featured_media":0,"comment_status":"open","ping_status":"closed","sticky":false,"template":"","format":"standard","meta":{"footnotes":""},"categories":[600],"tags":[715,717,347,716,353],"class_list":["post-2033","post","type-post","status-publish","format-standard","hentry","category-economia","tag-defensoria-publica-da-uniao","tag-entrega-de-cargos-de-chefia","tag-greve","tag-mobilizacao","tag-paralisacao"],"_links":{"self":[{"href":"https:\/\/blogs.correiobraziliense.com.br\/vicente\/wp-json\/wp\/v2\/posts\/2033","targetHints":{"allow":["GET"]}}],"collection":[{"href":"https:\/\/blogs.correiobraziliense.com.br\/vicente\/wp-json\/wp\/v2\/posts"}],"about":[{"href":"https:\/\/blogs.correiobraziliense.com.br\/vicente\/wp-json\/wp\/v2\/types\/post"}],"author":[{"embeddable":true,"href":"https:\/\/blogs.correiobraziliense.com.br\/vicente\/wp-json\/wp\/v2\/users\/22"}],"replies":[{"embeddable":true,"href":"https:\/\/blogs.correiobraziliense.com.br\/vicente\/wp-json\/wp\/v2\/comments?post=2033"}],"version-history":[{"count":4,"href":"https:\/\/blogs.correiobraziliense.com.br\/vicente\/wp-json\/wp\/v2\/posts\/2033\/revisions"}],"predecessor-version":[{"id":2037,"href":"https:\/\/blogs.correiobraziliense.com.br\/vicente\/wp-json\/wp\/v2\/posts\/2033\/revisions\/2037"}],"wp:attachment":[{"href":"https:\/\/blogs.correiobraziliense.com.br\/vicente\/wp-json\/wp\/v2\/media?parent=2033"}],"wp:term":[{"taxonomy":"category","embeddable":true,"href":"https:\/\/blogs.correiobraziliense.com.br\/vicente\/wp-json\/wp\/v2\/categories?post=2033"},{"taxonomy":"post_tag","embeddable":true,"href":"https:\/\/blogs.correiobraziliense.com.br\/vicente\/wp-json\/wp\/v2\/tags?post=2033"}],"curies":[{"name":"wp","href":"https:\/\/api.w.org\/{rel}","templated":true}]}}