{"id":20263,"date":"2021-08-06T12:14:00","date_gmt":"2021-08-06T15:14:00","guid":{"rendered":"https:\/\/blogs.correiobraziliense.com.br\/vicente\/?p=20263"},"modified":"2021-08-06T21:07:37","modified_gmt":"2021-08-07T00:07:37","slug":"o-desespero-eleitoral-esta-levando-o-governo-a-insanidade-fiscal-diz-castello-branco","status":"publish","type":"post","link":"https:\/\/blogs.correiobraziliense.com.br\/vicente\/o-desespero-eleitoral-esta-levando-o-governo-a-insanidade-fiscal-diz-castello-branco\/","title":{"rendered":"&#8220;O desespero eleitoral est\u00e1 levando o governo \u00e0 insanidade fiscal&#8221;, diz Gil Castello Branco"},"content":{"rendered":"<h2>ROSANA HESSEL<\/h2>\n<h2><\/h2>\n<h2>O desespero do presidente Jair Bolsonaro para gastar sem freios em 2022, a fim de evitar o aumento galopante da rejei\u00e7\u00e3o nas pesquisas e pavimentar a reelei\u00e7\u00e3o no ano que vem, pode fazer o chefe do Executivo cometer v\u00e1rios crimes de responsabilidade fiscal. E essa lista n\u00e3o inclui apenas as famosas pedaladas que abriram espa\u00e7o para o impeachment da ex-presidente Dilma Rousseff, de acordo com o especialista em contas p\u00fablicas Gil Castello Branco, secret\u00e1rio-geral e fundador da Associa\u00e7\u00e3o Contas Abertas.<\/h2>\n<p>&nbsp;<\/p>\n<p>&#8220;Esse desespero eleitoral est\u00e1 levando o governo \u00e0 insanidade fiscal&#8221;,\u00a0 alertou Castello Branco, alertando para a falta de crit\u00e9rio do governo na busca de recursos para ajudar no aumento da popularidade do presidente e agradar os aliados do Centr\u00e3o. Segundo ele, uma das medidas cogitadas pela equipe econ\u00f4mica, como o uso de\u00a0recursos de privatiza\u00e7\u00f5es para a cria\u00e7\u00e3o de programas sociais, \u00e9 proibido pelo Artigo 44 da Lei de Responsabilidade Fiscal (LRF). &#8220;\u00c9 vedada a aplica\u00e7\u00e3o da receita de capital derivada da aliena\u00e7\u00e3o de bens e direitos que integram o patrim\u00f4nio p\u00fablico para o financiamento de despesa corrente, salvo se destinada por lei aos regimes de previd\u00eancia social, geral e pr\u00f3prio dos servidores p\u00fablicos&#8221;, diz o artigo.<\/p>\n<p>&nbsp;<\/p>\n<p>Na avalia\u00e7\u00e3o de Castello Branco, o calote institucionalizado que o ministro da Economia, Paulo Guedes, pretende com a Proposta de Emenda \u00e0 Constitui\u00e7\u00e3o (PEC) &#8212; que prev\u00ea o adiamento no pagamento de precat\u00f3rios &#8212; nada mais \u00e9 do que uma pedalada fiscal. A proposta ainda prev\u00ea a cria\u00e7\u00e3o de um Bolsa Fam\u00edlia mais robusto que vem sendo chamado de Aux\u00edlio Brasil e pode ter um fundo para custeio com recursos de privatiza\u00e7\u00f5es que dever\u00e1 ser contabilizado fora do teto de gastos &#8212; emenda constitucional que limita o aumento de despesas \u00e0 infla\u00e7\u00e3o do ano anterior &#8211;, que \u00e9 ser\u00e1 outra burla das regras fiscais.<\/p>\n<p>&nbsp;<\/p>\n<p>Apesar de prever uma folga de R$ 25 bilh\u00f5es a R$ 30 bilh\u00f5es no limite do teto em 2022, gra\u00e7as \u00e0 infla\u00e7\u00e3o mais alta, esses recursos n\u00e3o ser\u00e3o suficientes para saciar a gana populista de Bolsonaro, que, historicamente, nunca foi um liberal de carteirinha. J\u00e1 Paulo Guedes vem rasgando todos os manuais do liberalismo econ\u00f4mico e colocando o orgulho de lado para permanecer no poder. O superministro est\u00e1 cada vez mais enfraquecido e desacreditado entre os colegas economistas, pois j\u00e1 perdeu a maior parte do or\u00e7amento da pasta para Onyx Lorenzoni, com a cria\u00e7\u00e3o do Minist\u00e9rio do Trabalho e Previd\u00eancia, e ainda perdeu Bruno Bianco como secret\u00e1rio-executivo de Onyx, porque Bolsonaro escolheu Bianco para substituir Andr\u00e9 Mendon\u00e7a na Advocacia-Geral da Uni\u00e3o (AGU).<\/p>\n<p>&nbsp;<\/p>\n<p>&#8220;O governo est\u00e1 tentando dar uma pedalada em d\u00edvidas com precat\u00f3rios que ele poderia ter se programado melhor, porque essas bombas fiscais s\u00e3o mapeadas anualmente com o STF durante a elabora\u00e7\u00e3o do Or\u00e7amento. Agora, querer criar uma terceira inst\u00e2ncia para negociar o pagamento de uma a\u00e7\u00e3o que n\u00e3o cabe mais recurso \u00e9 uma afronta ao Judici\u00e1rio e gera inseguran\u00e7a jur\u00eddica\u201d, afirmou. O fundador da Contas Abertas destacou que\u00a0o fato de o governo querer parcelar em at\u00e9 10 anos, acima dos cinco anos previstos hoje na Constitui\u00e7\u00e3o caso o valor de uma determinada d\u00edvida supere 15% dos precat\u00f3rios totais, n\u00e3o deixa de ser &#8220;curioso&#8221;.<\/p>\n<p>&nbsp;<\/p>\n<p>&#8220;No desespero eleitoral, o governo est\u00e1 preparando um &#8216;pacote de bondades&#8217; que v\u00e3o na contram\u00e3o da LRF. A principal \u00e9 o &#8216;Aux\u00edlio Brasil&#8217;, um Bolsa Fam\u00edlia mais robusto, com maior n\u00famero de benefici\u00e1rios, valor m\u00e9dio elevado e, inclusive, um botij\u00e3o de g\u00e1s a cada dois meses para as pessoas que integrarem o programa. Como n\u00e3o h\u00e1 recursos para bancar essas iniciativas&#8221;, afirmou Castello Branco. &#8220;O governo vai &#8216; fabricar dinheiro&#8217; com m\u00e1gicas fiscais que incluem o desrespeito ao teto de gastos, o descumprimento da LRF, a pedalada dos precat\u00f3rios e o uso de recursos n\u00e3o recorrentes ( dividendos de estatais) para a cria\u00e7\u00e3o de programas sociais definitivos&#8221;, acrescentou o especialista que monitora com lupa as contas p\u00fablicas.<\/p>\n<p>&nbsp;<\/p>\n<p>O secret\u00e1rio-geral da Contas Abertas lembrou ainda que, quando defendia a PEC 187\/2019, conhecida como a PEC dos Fundos, a equipe econ\u00f4mica pretendia extinguir fundos e vincula\u00e7\u00f5es, porque havia bilh\u00f5es de reais parados em &#8220;gavetinhas&#8221; e que poderiam ser melhor aplicados. &#8220;Agora, apenas nessas discuss\u00f5es de adiamento de precat\u00f3rios e do novo Bolsa Fam\u00edlia, as autoridades falam em criar mais dois novos fundos, na contram\u00e3o do discurso anterior&#8221;, afirmou.<\/p>\n<p>&nbsp;<\/p>\n<p>Assim como Castello Branco, <a href=\"https:\/\/www.correiobraziliense.com.br\/economia\/2021\/08\/4942141-especialistas-alertam-pec-dos-precatorios-e-inconstitucional.html\">\u00a0especialistas da \u00e1rea jur\u00eddica alertam para o risco de inconstitucionalidade da PEC dos precat\u00f3rios<\/a>\u00a0que Paulo Guedes vem prometendo enviar ao Congresso e que j\u00e1 teria encaminhado a proposta ao ministro-chefe da Casa Civil, Ciro Nogueira, l\u00edder do Centr\u00e3o, que sinalizou que s\u00f3 dever\u00e1 enviar a mat\u00e9ria ao Legislativo na semana que vem.<\/p>\n<p>&nbsp;<\/p>\n<p>N\u00e3o \u00e0 toa, o mercado financeiro est\u00e1 preocupado com essa movimenta\u00e7\u00e3o e com o pre\u00e7o da governabilidade no Congresso que Bolsonaro est\u00e1 pagando, pois parece ser bem alto. Como reflexo, a curva de juros e o d\u00f3lar sobem e o mercado acion\u00e1rio vem oscilando entre perdas e ganhos nos \u00faltimos dias. O \u00cdndice Bovespa est\u00e1 mais perto dos 120 mil pontos do que do recorde de quase 131 mil pontos de junho.<\/p>\n<p>&nbsp;<\/p>\n<p>E Bolsonaro precisa do novo Bolsa Fam\u00edlia mais robusto para conter o aumento da avalia\u00e7\u00e3o negativa do governo junto aos mais pobres, que s\u00e3o a maioria da popula\u00e7\u00e3o. Conforme a segunda edi\u00e7\u00e3o da pesquisa qualitativa sobre as elei\u00e7\u00f5es de 2022 da Genial\/Quaest,\u00a0<a href=\"https:\/\/blogs.correiobraziliense.com.br\/vicente\/genial-quaest-rejeicao-a-bolsonaro-aumenta-entre-os-mais-pobres\/\">a rejei\u00e7\u00e3o de Bolsonaro \u00e9 crescente entre os mais pobres, principalmente, nas regi\u00f5es Norte e Nordeste.<\/a>\u00a0E como a infla\u00e7\u00e3o persistente poder\u00e1 encolher a folga do limite de R$ 25 bilh\u00f5es a R$ 30 bilh\u00f5es, estimada pelo Tesouro Nacional, parece que o desespero tirou o governo do prumo e a agenda econ\u00f4mica liberal ficou s\u00f3 no gog\u00f3.<\/p>\n<p>&nbsp;<\/p>\n<p>&nbsp;<\/p>\n","protected":false},"excerpt":{"rendered":"<p>ROSANA HESSEL O desespero do presidente Jair Bolsonaro para gastar sem freios em 2022, a fim de evitar o aumento galopante da rejei\u00e7\u00e3o nas pesquisas e pavimentar a reelei\u00e7\u00e3o no ano que vem, pode fazer o chefe do Executivo cometer v\u00e1rios crimes de responsabilidade fiscal. E essa lista n\u00e3o inclui apenas as famosas pedaladas que [&hellip;]<\/p>\n","protected":false},"author":22,"featured_media":20265,"comment_status":"open","ping_status":"closed","sticky":false,"template":"","format":"standard","meta":{"footnotes":""},"categories":[600],"tags":[1498,542,5420,1123,5372,5665,5305],"class_list":["post-20263","post","type-post","status-publish","format-standard","has-post-thumbnail","hentry","category-economia","tag-bolsa-familia","tag-contas-publicas","tag-inconstitucionalidade","tag-irresponsabilidade-fiscal","tag-lrf","tag-pec-dos-precatorios","tag-pedaladas"],"_links":{"self":[{"href":"https:\/\/blogs.correiobraziliense.com.br\/vicente\/wp-json\/wp\/v2\/posts\/20263","targetHints":{"allow":["GET"]}}],"collection":[{"href":"https:\/\/blogs.correiobraziliense.com.br\/vicente\/wp-json\/wp\/v2\/posts"}],"about":[{"href":"https:\/\/blogs.correiobraziliense.com.br\/vicente\/wp-json\/wp\/v2\/types\/post"}],"author":[{"embeddable":true,"href":"https:\/\/blogs.correiobraziliense.com.br\/vicente\/wp-json\/wp\/v2\/users\/22"}],"replies":[{"embeddable":true,"href":"https:\/\/blogs.correiobraziliense.com.br\/vicente\/wp-json\/wp\/v2\/comments?post=20263"}],"version-history":[{"count":14,"href":"https:\/\/blogs.correiobraziliense.com.br\/vicente\/wp-json\/wp\/v2\/posts\/20263\/revisions"}],"predecessor-version":[{"id":20281,"href":"https:\/\/blogs.correiobraziliense.com.br\/vicente\/wp-json\/wp\/v2\/posts\/20263\/revisions\/20281"}],"wp:featuredmedia":[{"embeddable":true,"href":"https:\/\/blogs.correiobraziliense.com.br\/vicente\/wp-json\/wp\/v2\/media\/20265"}],"wp:attachment":[{"href":"https:\/\/blogs.correiobraziliense.com.br\/vicente\/wp-json\/wp\/v2\/media?parent=20263"}],"wp:term":[{"taxonomy":"category","embeddable":true,"href":"https:\/\/blogs.correiobraziliense.com.br\/vicente\/wp-json\/wp\/v2\/categories?post=20263"},{"taxonomy":"post_tag","embeddable":true,"href":"https:\/\/blogs.correiobraziliense.com.br\/vicente\/wp-json\/wp\/v2\/tags?post=20263"}],"curies":[{"name":"wp","href":"https:\/\/api.w.org\/{rel}","templated":true}]}}