{"id":20233,"date":"2021-08-05T18:17:55","date_gmt":"2021-08-05T21:17:55","guid":{"rendered":"https:\/\/blogs.correiobraziliense.com.br\/vicente\/?p=20233"},"modified":"2021-08-05T18:38:53","modified_gmt":"2021-08-05T21:38:53","slug":"base-das-forcas-armadas-esta-com-bolsonaro-mas-falta-comando-forte-para-golpe-militar","status":"publish","type":"post","link":"https:\/\/blogs.correiobraziliense.com.br\/vicente\/base-das-forcas-armadas-esta-com-bolsonaro-mas-falta-comando-forte-para-golpe-militar\/","title":{"rendered":"Base das For\u00e7as Armadas est\u00e1 com Bolsonaro, mas falta comando forte para golpe militar"},"content":{"rendered":"<h2>Quem conhece as entranhas das For\u00e7as Armadas garante que boa parte da base das For\u00e7as Armadas est\u00e1 fechada com o presidente Jair Bolsonaro. Mas n\u00e3o h\u00e1 um comando forte para sustentar um golpe militar. O grosso do alto-comando das For\u00e7as n\u00e3o admite entrar em aventuras.<\/h2>\n<p>&nbsp;<\/p>\n<p>Como dizem militares ouvidos pelo <strong>Blog<\/strong>, sem um comando forte, respeitado, teria de haver uma esp\u00e9cie de &#8220;revolta sargentista&#8221; para que as bases se aglutinassem. S\u00e3o os sargentos que t\u00eam as chaves dos dep\u00f3sitos nos quais ficam guardadas as armas usadas pelas For\u00e7as.<\/p>\n<p>&nbsp;<\/p>\n<p>&#8220;Mas \u00e9 il\u00f3gico pensar nisso, mesmo com o presidente insuflando as bases&#8221;, diz um general. Para ele, o que n\u00e3o se pode descartar \u00e9 uma &#8220;mil\u00edcia armada se arvorar da defesa do pa\u00eds&#8221; para atender os apelos tresloucados de Bolsonaro. N\u00e3o se pode esquecer que nunca se comprou tantas armas de fogo no Brasil.<\/p>\n<p>&nbsp;<\/p>\n<p>Um almirante acrescenta: &#8220;Infelizmente, tem gente que endossa os arroubos do presidente. Ele s\u00f3 est\u00e1 jogando para a plateia, para o publico mais radical, que ainda o apoia. A popula\u00e7\u00e3o, em sua maioria, quer a manuten\u00e7\u00e3o da democracia, como quer se vacinar contra a covid&#8221;.<\/p>\n<p>&nbsp;<\/p>\n<p>Um terceiro militar se diz triste diante do comportamento de Bolsonaro. &#8220;Votei no presidente em 2018, certo de que ele faria bem ao Brasil. Agora, por\u00e9m, tenho a certeza de que ele est\u00e1 fazendo mal ao pa\u00eds e \u00e0 democracia&#8221;, frisa.<\/p>\n<p>&nbsp;<\/p>\n<p><em>Bras\u00edlia, 18h17min<\/em><\/p>\n","protected":false},"excerpt":{"rendered":"<p>Quem conhece as entranhas das For\u00e7as Armadas garante que boa parte da base das For\u00e7as Armadas est\u00e1 fechada com o presidente Jair Bolsonaro. Mas n\u00e3o h\u00e1 um comando forte para sustentar um golpe militar. O grosso do alto-comando das For\u00e7as n\u00e3o admite entrar em aventuras. &nbsp; Como dizem militares ouvidos pelo Blog, sem um comando [&hellip;]<\/p>\n","protected":false},"author":22,"featured_media":14967,"comment_status":"open","ping_status":"closed","sticky":false,"template":"","format":"standard","meta":{"footnotes":""},"categories":[600],"tags":[5663,926,5664,2526,2787],"class_list":["post-20233","post","type-post","status-publish","format-standard","has-post-thumbnail","hentry","category-economia","tag-base-das-forcas-armadas-esta-com-bolsonaro","tag-brasilia","tag-mas-falta-comando-forte-para-golpe-militar","tag-poder","tag-politica"],"_links":{"self":[{"href":"https:\/\/blogs.correiobraziliense.com.br\/vicente\/wp-json\/wp\/v2\/posts\/20233","targetHints":{"allow":["GET"]}}],"collection":[{"href":"https:\/\/blogs.correiobraziliense.com.br\/vicente\/wp-json\/wp\/v2\/posts"}],"about":[{"href":"https:\/\/blogs.correiobraziliense.com.br\/vicente\/wp-json\/wp\/v2\/types\/post"}],"author":[{"embeddable":true,"href":"https:\/\/blogs.correiobraziliense.com.br\/vicente\/wp-json\/wp\/v2\/users\/22"}],"replies":[{"embeddable":true,"href":"https:\/\/blogs.correiobraziliense.com.br\/vicente\/wp-json\/wp\/v2\/comments?post=20233"}],"version-history":[{"count":1,"href":"https:\/\/blogs.correiobraziliense.com.br\/vicente\/wp-json\/wp\/v2\/posts\/20233\/revisions"}],"predecessor-version":[{"id":20237,"href":"https:\/\/blogs.correiobraziliense.com.br\/vicente\/wp-json\/wp\/v2\/posts\/20233\/revisions\/20237"}],"wp:featuredmedia":[{"embeddable":true,"href":"https:\/\/blogs.correiobraziliense.com.br\/vicente\/wp-json\/wp\/v2\/media\/14967"}],"wp:attachment":[{"href":"https:\/\/blogs.correiobraziliense.com.br\/vicente\/wp-json\/wp\/v2\/media?parent=20233"}],"wp:term":[{"taxonomy":"category","embeddable":true,"href":"https:\/\/blogs.correiobraziliense.com.br\/vicente\/wp-json\/wp\/v2\/categories?post=20233"},{"taxonomy":"post_tag","embeddable":true,"href":"https:\/\/blogs.correiobraziliense.com.br\/vicente\/wp-json\/wp\/v2\/tags?post=20233"}],"curies":[{"name":"wp","href":"https:\/\/api.w.org\/{rel}","templated":true}]}}