{"id":20137,"date":"2021-08-04T15:01:21","date_gmt":"2021-08-04T18:01:21","guid":{"rendered":"https:\/\/blogs.correiobraziliense.com.br\/vicente\/?p=20137"},"modified":"2021-08-08T11:18:58","modified_gmt":"2021-08-08T14:18:58","slug":"com-saida-de-waldery-resta-metade-da-equipe-economica-de-transicao","status":"publish","type":"post","link":"https:\/\/blogs.correiobraziliense.com.br\/vicente\/com-saida-de-waldery-resta-metade-da-equipe-economica-de-transicao\/","title":{"rendered":"Com sa\u00edda de Waldery, resta metade da equipe econ\u00f4mica de transi\u00e7\u00e3o"},"content":{"rendered":"<h2><b>ROSANA HESSEL<\/b><\/h2>\n<h2><\/h2>\n<h2><b>A\u00a0 sa\u00edda definitiva do ex-secret\u00e1rio especial da Fazenda do Minist\u00e9rio da Economia, Waldery Rodrigues, foi oficializada nesta semana, com a publica\u00e7\u00e3o da exonera\u00e7\u00e3o do economista no <\/b><b><i>Di\u00e1rio Oficial da Uni\u00e3o (DOU)<\/i><\/b><b> de ontem, a pedido. A portaria da Casa Civil foi assinada pelo novo chefe da pasta, Ciro Nogueira e marca o enxugamento da equipe econ\u00f4mica de transi\u00e7\u00e3o pela metade.\u00a0<\/b><\/h2>\n<p><span style=\"font-weight: 400\">\u00a0<\/span><\/p>\n<p><span style=\"font-weight: 400\">Servidor de carreira, Waldery integrou o grupo de transi\u00e7\u00e3o original do presidente Jair Bolsonaro (sem partido), criado ap\u00f3s o resultado das elei\u00e7\u00f5es\u00a0 de\u00a0 outubro de 2018. Dos 27 nomes publicados no DOU para preparar a troca de governo, oito integrantes, incluindo, o ministro da Economia, Paulo Guedes, eram respons\u00e1veis pela forma\u00e7\u00e3o do novo superminist\u00e9rio da Economia. Essa equipe logo passou a ter 11 integrantes com a chegada do empres\u00e1rio Salim Mattar, de Pedro Guimar\u00e3es, presidente da Caixa Econ\u00f4mica Federal, e de Roberto Campos Neto, presidente do Banco Central.<\/span><\/p>\n<p><span style=\"font-weight: 400\">\u00a0<\/span><\/p>\n<p><span style=\"font-weight: 400\">Agora, desses 11, restam no governo cinco integrantes al\u00e9m de Paulo Guedes: Guimar\u00e3es, Campos Neto, Adolfo Sachsida (secret\u00e1rio de Pol\u00edtica Econ\u00f4mica, Carlos Von Doellinger (presidente do Instituto de Pesquisa Econ\u00f4mica Aplicada &#8211; Ipea), Carlos da Costa (secret\u00e1rio especial de Produtividade, Emprego e Competitividade &#8211; Sepec). Outros nomes foram adicionados ao grupo, mas, de acordo com o ex-secret\u00e1rio especial de Fazenda, essa foi a composi\u00e7\u00e3o original que come\u00e7ou a trabalhar na unifica\u00e7\u00e3o das cinco pastas que integravam o superminist\u00e9rio: Fazenda, Planejamento, Trabalho, Previd\u00eancia e Desenvolvimento, Ind\u00fastria e Com\u00e9rcio Exterior (Mdic). Contudo, se considerarmos os oito da equipe econ\u00f4mica na lista original de transi\u00e7\u00e3o, al\u00e9m de Guedes, restaram apenas tr\u00eas: Von Doellinger, Sachsida e Carlos da Costa, ou seja, a metade dos oito pioneiros da equipe econ\u00f4mica de Bolsonaro. Logo o sinal \u00e9 claro do encolhimento do superminist\u00e9rio que perdeu duas pastas estrat\u00e9gicas e com maior or\u00e7amento: Trabalho e Previd\u00eancia, agora minist\u00e9rio recriado sob a batuta de Onyx Lorenzoni, que dever\u00e1 deixar o governo em abril para concorrer ao governo do Rio Grande do Sul.<\/span><\/p>\n<p><span style=\"font-weight: 400\">\u00a0<\/span><\/p>\n<p><span style=\"font-weight: 400\">Waldery disse que participou de v\u00e1rios governos desde sua entrada no Ipea, em 1996, e integrava o governo Michel Temer, onde trabalhou com o economista Marcos Mendes na constru\u00e7\u00e3o da emenda do teto de gastos. Depois, foi convidado por Sachsida para integrar a equipe de transi\u00e7\u00e3o. Ele contou ao <\/span><b>Blog<\/b><span style=\"font-weight: 400\"> que sua sa\u00edda ocorreu por motivos pessoais, mas\u00a0 reconheceu que as press\u00f5es pol\u00edticas estavam aumentando desde as negocia\u00e7\u00f5es do Or\u00e7amento de 2021. &#8220;A Fazenda sempre foi a \u00e1rea que tinha que falar n\u00e3o para tudo, mas eu sempre procurei me preservar com argumentos t\u00e9cnicos&#8221;, justificou.\u00a0 Agora, o objetivo do economista de 54 anos \u00e9 cumprir a quarentena de seis meses e analisar algumas propostas para ir para a iniciativa privada a partir de janeiro, por dois anos. &#8220;Depois, quero voltar para o governo onde pretendo me aposentar&#8221;, disse Waldery, que \u00e9 servidor concursado do Senado Federal.<\/span><\/p>\n<p><span style=\"font-weight: 400\">\u00a0<\/span><\/p>\n<p><b>Pol\u00eamicas e cart\u00e3o vermelho<\/b><\/p>\n<p><span style=\"font-weight: 400\">\u00a0<\/span><\/p>\n<p><span style=\"font-weight: 400\">A situa\u00e7\u00e3o de Waldery no governo ficou complicada desde setembro do ano passado, em meio \u00e0s negocia\u00e7\u00f5es do Or\u00e7amento de 2021 e culminou com a pol\u00eamica do custeio do Renda Brasil, programa de assist\u00eancia social que estava sendo criado pela equipe econ\u00f4mica, a sa\u00edda do economista era considerada uma quest\u00e3o de tempo entre integrantes da pasta.\u00a0<\/span><\/p>\n<p><span style=\"font-weight: 400\">\u00a0<\/span><\/p>\n<p><span style=\"font-weight: 400\">A celeuma formou-se em torno das alternativas de fontes de financiamento a desindexa\u00e7\u00e3o de benef\u00edcios sociais e o fim do abono salarial, que, ao serem citadas por Waldery, segundo ele, ap\u00f3s uma entrevista que ele deu ao portal <\/span><i><span style=\"font-weight: 400\">G1<\/span><\/i><span style=\"font-weight: 400\"> e ao jornal <\/span><i><span style=\"font-weight: 400\">Valor Econ\u00f4mico, <\/span><\/i><span style=\"font-weight: 400\">\u00a0que havia sido agenda pela assessoria da pasta. Na ocasi\u00e3o, a rea\u00e7\u00e3o do presidente foi imediata e ele chegou a dar a declara\u00e7\u00e3o de que &#8220;n\u00e3o iria tirar dos pobres para dar aos paup\u00e9rrimos&#8221; e acabou dando o cart\u00e3o vermelho ao secret\u00e1rio, de acordo com not\u00edcias da \u00e9poca.\u00a0 &#8220;Havia uma lista de 30 medidas e seus impactos e a equipe econ\u00f4mica escolheu sete, que inclu\u00eda essas duas. Essa lista n\u00e3o \u00e9 personalista. Ela foi criada pela equipe econ\u00f4mica, em um trabalho conjunto&#8221;, disse.\u00a0<\/span><\/p>\n<p><span style=\"font-weight: 400\">\u00a0<\/span><\/p>\n<p><span style=\"font-weight: 400\">Guedes conseguiu esfriar o clima de tens\u00e3o com Bolsonaro e manteve o fiel escudeiro na equipe, que, em dezembro de 2020 pediu para sair at\u00e9 junho de 2021. Waldery sugeriu como substituto o nome de Bruno Funchal, que foi convidado por ele para o governo e que estava na secretaria do Tesouro Nacional. &#8220;A ideia era fazer um processo de transi\u00e7\u00e3o tranquilo com o ocorrido com o antecessor de Funchal, Mansueto Almeida&#8221; afirmou. Mas, segundo ele, em abril, diante do novo boato de que seria demitido de novo em meio \u00e0 vota\u00e7\u00e3o do Or\u00e7amento de 2021, ele se reuniu com Guedes e decidiram antecipar o an\u00fancio das mudan\u00e7as.\u00a0<\/span><\/p>\n<p><span style=\"font-weight: 400\">\u00a0<\/span><\/p>\n<p><span style=\"font-weight: 400\">Apesar de Waldery dizer que deixou o governo por quest\u00f5es pessoais, ele foi protagonista de um forte processo de desgaste, pois caiu sobre os ombros dele a responsabilidade das medidas impopulares para o Renda Brasil. Ele contou que recebia parlamentares para falar de assuntos t\u00e9cnicos relacionados ao Or\u00e7amento ou participava de audi\u00eancias p\u00fablicas no Congresso quando o ministro n\u00e3o podia ir. Mesmo assim era criticado pelos parlamentares, algo que ele disse ocorrer porque tem perfil dele muito reservado e n\u00e3o gosta de discutir assuntos pol\u00edticos. Como sob seu comando estava o Tesouro Nacional, e portanto, quem tinha a chave do cofre da Uni\u00e3o, era ele quem acabava tendo que dizer n\u00e3o para as investidas de aumento de gastos da ala pol\u00edtica do governo.<\/span><\/p>\n<p><span style=\"font-weight: 400\">\u00a0<\/span><\/p>\n<p><span style=\"font-weight: 400\">O economista deixou a secretaria especial de Fazenda, em maio, e aproveitou para tirar dois meses de f\u00e9rias vencidas e, quando voltou, comunicou a Paulo Guedes decis\u00e3o de sair do governo, pois, segundo ele, o ministro queria mant\u00ea-lo como assessor especial, cargo que ocupava at\u00e9 a exonera\u00e7\u00e3o. &#8220;Foi minha decis\u00e3o deixar o Poder Executivo ap\u00f3s cinco anos e voltar \u00e0s minhas atribui\u00e7\u00f5es no Senado por quest\u00f5es pessoais&#8221;, frisou.\u00a0<\/span><\/p>\n<p><span style=\"font-weight: 400\">\u00a0<\/span><\/p>\n<p><b>Quadro fiscal<\/b><\/p>\n<p><span style=\"font-weight: 400\">\u00a0<\/span><\/p>\n<p><span style=\"font-weight: 400\">Em rela\u00e7\u00e3o ao quadro fiscal, o ex-secret\u00e1rio reconheceu que ele continua preocupante e que a infla\u00e7\u00e3o \u00e9 o principal fator respons\u00e1vel da melhora das contas p\u00fablicas neste ano em rela\u00e7\u00e3o ao ano passado &#8212; quando o rombo das contas p\u00fablicas disparou para 10% do Produto Interno Bruto (PIB) devido ao aumento de gastos emergenciais no combate \u00e0 pandemia. Ele lembrou que, al\u00e9m de aumentar o deflator do PIB nominal em 15%, ajudando a reduzir drasticamente a d\u00edvida p\u00fablica bruta para algo perto de 82% do PIB pelas proje\u00e7\u00f5es atuais do Tesouro, a infla\u00e7\u00e3o tem ajudado a aumentar\u00a0 a receita com tributos do governo federal por meio do aumento dos pre\u00e7os. &#8220;H\u00e1 um componente importante da infla\u00e7\u00e3o nesses dados, mas h\u00e1 uma rea\u00e7\u00e3o de diversos setores da ind\u00fastria, do com\u00e9rcio e de servi\u00e7os que tamb\u00e9m que ajudou na arrecada\u00e7\u00e3o. Existe o aspecto de pre\u00e7os, que \u00e9 muito forte. Mas tem efeito quantidade tamb\u00e9m&#8221;,\u00a0 disse.\u00a0<\/span><\/p>\n<p><span style=\"font-weight: 400\">\u00a0<\/span><\/p>\n<p><span style=\"font-weight: 400\">Na avalia\u00e7\u00e3o de Waldery essas discuss\u00f5es em torno do Or\u00e7amento e da quest\u00e3o fiscal devem continuar acaloradas neste ano e no pr\u00f3ximo, e o clima dever\u00e1 ser mais tenso, porque h\u00e1 mais interfer\u00eancias pol\u00edticas na segunda metade de qualquer mandato. &#8220;Pelo menos, o governo conseguiu aprovar a reforma da Previd\u00eancia em 2019, que \u00e9 o maior gasto prim\u00e1rio do governo. Foi uma felicidade enorme ter conseguido\u00a0 aprovar antes da pandemia, caso contr\u00e1rio, a situa\u00e7\u00e3o fiscal hoje seria muito pior&#8221;, afirmou.\u00a0<\/span><\/p>\n<p><span style=\"font-weight: 400\">\u00a0<\/span><\/p>\n<p>&nbsp;<\/p>\n","protected":false},"excerpt":{"rendered":"<p>ROSANA HESSEL A\u00a0 sa\u00edda definitiva do ex-secret\u00e1rio especial da Fazenda do Minist\u00e9rio da Economia, Waldery Rodrigues, foi oficializada nesta semana, com a publica\u00e7\u00e3o da exonera\u00e7\u00e3o do economista no Di\u00e1rio Oficial da Uni\u00e3o (DOU) de ontem, a pedido. A portaria da Casa Civil foi assinada pelo novo chefe da pasta, Ciro Nogueira e marca o enxugamento [&hellip;]<\/p>\n","protected":false},"author":22,"featured_media":15853,"comment_status":"open","ping_status":"closed","sticky":false,"template":"","format":"standard","meta":{"footnotes":""},"categories":[600],"tags":[5657,542,569,567,3666,549,4147],"class_list":["post-20137","post","type-post","status-publish","format-standard","has-post-thumbnail","hentry","category-economia","tag-cartao-vermelho","tag-contas-publicas","tag-exoneracao","tag-fazenda","tag-ministerio-da-economia","tag-orcamento","tag-waldery-rodrigues"],"_links":{"self":[{"href":"https:\/\/blogs.correiobraziliense.com.br\/vicente\/wp-json\/wp\/v2\/posts\/20137","targetHints":{"allow":["GET"]}}],"collection":[{"href":"https:\/\/blogs.correiobraziliense.com.br\/vicente\/wp-json\/wp\/v2\/posts"}],"about":[{"href":"https:\/\/blogs.correiobraziliense.com.br\/vicente\/wp-json\/wp\/v2\/types\/post"}],"author":[{"embeddable":true,"href":"https:\/\/blogs.correiobraziliense.com.br\/vicente\/wp-json\/wp\/v2\/users\/22"}],"replies":[{"embeddable":true,"href":"https:\/\/blogs.correiobraziliense.com.br\/vicente\/wp-json\/wp\/v2\/comments?post=20137"}],"version-history":[{"count":8,"href":"https:\/\/blogs.correiobraziliense.com.br\/vicente\/wp-json\/wp\/v2\/posts\/20137\/revisions"}],"predecessor-version":[{"id":20284,"href":"https:\/\/blogs.correiobraziliense.com.br\/vicente\/wp-json\/wp\/v2\/posts\/20137\/revisions\/20284"}],"wp:featuredmedia":[{"embeddable":true,"href":"https:\/\/blogs.correiobraziliense.com.br\/vicente\/wp-json\/wp\/v2\/media\/15853"}],"wp:attachment":[{"href":"https:\/\/blogs.correiobraziliense.com.br\/vicente\/wp-json\/wp\/v2\/media?parent=20137"}],"wp:term":[{"taxonomy":"category","embeddable":true,"href":"https:\/\/blogs.correiobraziliense.com.br\/vicente\/wp-json\/wp\/v2\/categories?post=20137"},{"taxonomy":"post_tag","embeddable":true,"href":"https:\/\/blogs.correiobraziliense.com.br\/vicente\/wp-json\/wp\/v2\/tags?post=20137"}],"curies":[{"name":"wp","href":"https:\/\/api.w.org\/{rel}","templated":true}]}}