{"id":2012,"date":"2016-07-17T15:30:30","date_gmt":"2016-07-17T18:30:30","guid":{"rendered":"https:\/\/blogs.correiobraziliense.com.br\/vicente\/?p=2012"},"modified":"2016-07-17T16:44:02","modified_gmt":"2016-07-17T19:44:02","slug":"por-enquanto-governo-so-lancou-baloes-de-ensaio","status":"publish","type":"post","link":"https:\/\/blogs.correiobraziliense.com.br\/vicente\/por-enquanto-governo-so-lancou-baloes-de-ensaio\/","title":{"rendered":"Por enquanto, governo s\u00f3 lan\u00e7ou bal\u00f5es de ensaio"},"content":{"rendered":"<p>POR RODOLFO COSTA E ANTONIO TEM\u00d3TEO<\/p>\n<p>&nbsp;<\/p>\n<p>Para ganhar tempo e manter acesa a chama da confian\u00e7a de investidores e empres\u00e1rios, a equipe do ministro da Fazenda, Henrique Meirelles, vem soltando uma s\u00e9rie de bal\u00f5es de ensaio a fim de mostrar que ser\u00e1 poss\u00edvel arrecadar os R$ 55 bilh\u00f5es em receitas extras para evitar que o rombo nas contas p\u00fablicas passe de R$ 139 bilh\u00f5es em 2017. Sabe-se, por\u00e9m, que, por mais mirabolantes que sejam as medidas propostas, a mais palp\u00e1vel continua sendo o aumento de impostos. \u201cFaremos o que for poss\u00edvel. Muita coisa ser\u00e1 privatizada e concedida \u00e0 iniciativa privada. Mas, temos que admitir, tudo ainda \u00e9 mais desejo do que realidade\u201d, diz um dos mais pr\u00f3ximos auxiliares de Meirelles.<\/p>\n<p>&nbsp;<\/p>\n<p>Na \u00e0 toa, o economista Geraldo Biasoto Jr., professor do Instituto de Economia da Universidade de Campinas (Unicamp) e ex-coordenador de pol\u00edtica fiscal da Secretaria de Pol\u00edtica Econ\u00f4mica da Fazenda, se mostra desconfiado. Para ele, al\u00e9m das dificuldades para refor\u00e7ar as receitas numa economia mergulhada em profunda recess\u00e3o, o governo ter\u00e1 dificuldades para aprovar pautas delicadas e rejeitadas pela popula\u00e7\u00e3o, como a reforma na Previd\u00eancia. Segundo ele, nem mesmo a experi\u00eancia do presidente interino, Michel Temer, em rela\u00e7\u00e3o ao Congresso ser\u00e1 suficiente para transpor todas as barreiras. \u201cNo caso da Previd\u00eancia, duvido que Temer consiga formar bases minimamente s\u00f3lidas para tocar esse tema. Na atual crise pol\u00edtica, os parlamentares v\u00e3o querer evitar o desgaste com a sociedade\u201d, avalia.<\/p>\n<p>&nbsp;<\/p>\n<p>O m\u00e1ximo que Temer conseguir\u00e1 aprovar no Parlamento neste ano, opina o professor da Unicamp, ser\u00e1 a Proposta de Emenda \u00e0 Constitui\u00e7\u00e3o (PEC) que limita as despesas. O que, dado o quadro atual, j\u00e1 ser\u00e1 uma importante vit\u00f3ria. Quanto \u00e0 aprova\u00e7\u00e3o de tributos, \u00e9 poss\u00edvel que o governo opte pela eleva\u00e7\u00e3o da Contribui\u00e7\u00e3o de Interven\u00e7\u00e3o no Dom\u00ednio Econ\u00f4mico (Cide), que incide sobre os combust\u00edveis, uma vez que esse imposto n\u00e3o precisa passar pelo crivo do Congresso.<\/p>\n<p>&nbsp;<\/p>\n<p>Mas a aposta em ampliar as receitas via tributos pode abalar as rela\u00e7\u00f5es do governo com o empresariado, prev\u00ea o analista econ\u00f4mico da RC Consultores, Everton Carneiro. \u201cPoliticamente, n\u00e3o me parece que seja uma ideia descart\u00e1vel. Mas aumentar impostos num quadro em que o governo faz pouco esfor\u00e7o para reduzir os gastos soaria muito mal. O empresariado dever\u00e1 mostrar contrariedade, sobretudo a Federa\u00e7\u00e3o da Ind\u00fastria de S\u00e3o Paulo (Fiesp), que, abertamente, apoiou o afastamento de Dilma Rousseff da Presid\u00eancia da Rep\u00fablica\u201d, sustenta.<\/p>\n<p>&nbsp;<\/p>\n<p><strong>Esfor\u00e7o<\/strong><\/p>\n<p>&nbsp;<\/p>\n<p>Para reverter qualquer desconforto em rela\u00e7\u00e3o ao real compromisso do governo em reequilibrar as contas p\u00fablicas, Carneiro refor\u00e7a que Temer ter\u00e1 que reduzir os gastos ap\u00f3s o impeachment definitivo de Dilma. \u201cAt\u00e9 2013, o governo conseguiu economizar o suficiente para garantir o pagamento dos juros da d\u00edvida p\u00fablica (superavit prim\u00e1rio). N\u00e3o faz tanto tempo isso. Ou seja, basta um esfor\u00e7o adicional para que as contas se ajustem. E cortar despesas \u00e9 o melhor neg\u00f3cio\u201d, diz.<\/p>\n<p>&nbsp;<\/p>\n<p>No entender da economista-chefe da ARX Investimentos, Solange Srour, apesar de todos os percal\u00e7os que Temer enfrentar\u00e1 no p\u00f3s-impeachment, o processo de convencimento dos parlamentares sobre a necessidade da aprova\u00e7\u00e3o de reformas estruturais ocorrer\u00e1 de maneira mais r\u00e1pida do que muitos imaginam, porque os governadores t\u00eam interesse na melhora do ambiente econ\u00f4mico. \u201cNos estados, h\u00e1 uma demanda por recursos e por melhora da atividade. Sem as reformas que ser\u00e3o estendidas aos demais entes da federa\u00e7\u00e3o, a situa\u00e7\u00e3o ficar\u00e1 dram\u00e1tica. Com isso, os chefes dos executivos estaduais pressionar\u00e3o suas bancadas para apoiar a aprova\u00e7\u00e3o de medidas, mesmo que duras e impopulares\u201d, diz.<\/p>\n<p>&nbsp;<\/p>\n<p><strong>Porteira aberta<\/strong><\/p>\n<p>&nbsp;<\/p>\n<p>Em meio a um calend\u00e1rio tumultuado, o presidente interino, Michel Temer, ter\u00e1 a dura miss\u00e3o de unificar a base parlamentar que rachou durante as elei\u00e7\u00f5es para a presid\u00eancia da C\u00e2mara. O Centr\u00e3o\u00a0 (PR, PSD, PP, PTB e outros partidos menores), que garantiu 170 votos para seu candidato, Rog\u00e9rio Rosso (PSD-DF), deve cobrar alto para fazer andar no Congresso a agenda defendida pelo ministro da Fazenda, Henrique Meirelles. N\u00e3o por acaso, o Pal\u00e1cio do Planalto j\u00e1 avisou que flexibilizar\u00e1 as regras para as nomea\u00e7\u00f5es de indicados pol\u00edticos dentro do governo e nas empresas estatais. Os escolhidos n\u00e3o precisar\u00e3o mais esperar pelas avalia\u00e7\u00f5es da Ag\u00eancia Brasileira de Intelig\u00eancia (Abin).<\/p>\n<p>&nbsp;<\/p>\n<p><em>Bras\u00edlia, 15h30min<\/em><\/p>\n","protected":false},"excerpt":{"rendered":"<p>POR RODOLFO COSTA E ANTONIO TEM\u00d3TEO &nbsp; Para ganhar tempo e manter acesa a chama da confian\u00e7a de investidores e empres\u00e1rios, a equipe do ministro da Fazenda, Henrique Meirelles, vem soltando uma s\u00e9rie de bal\u00f5es de ensaio a fim de mostrar que ser\u00e1 poss\u00edvel arrecadar os R$ 55 bilh\u00f5es em receitas extras para evitar que [&hellip;]<\/p>\n","protected":false},"author":22,"featured_media":0,"comment_status":"open","ping_status":"closed","sticky":false,"template":"","format":"standard","meta":{"footnotes":""},"categories":[600],"tags":[13,700,702,701,21,524,111,698],"class_list":["post-2012","post","type-post","status-publish","format-standard","hentry","category-economia","tag-ajuste-fiscal","tag-balao-de-ensaio","tag-everton-carneiro","tag-geraldo-biasoto","tag-henrique-meirelles","tag-impostos","tag-michel-temer","tag-solange-srour"],"_links":{"self":[{"href":"https:\/\/blogs.correiobraziliense.com.br\/vicente\/wp-json\/wp\/v2\/posts\/2012","targetHints":{"allow":["GET"]}}],"collection":[{"href":"https:\/\/blogs.correiobraziliense.com.br\/vicente\/wp-json\/wp\/v2\/posts"}],"about":[{"href":"https:\/\/blogs.correiobraziliense.com.br\/vicente\/wp-json\/wp\/v2\/types\/post"}],"author":[{"embeddable":true,"href":"https:\/\/blogs.correiobraziliense.com.br\/vicente\/wp-json\/wp\/v2\/users\/22"}],"replies":[{"embeddable":true,"href":"https:\/\/blogs.correiobraziliense.com.br\/vicente\/wp-json\/wp\/v2\/comments?post=2012"}],"version-history":[{"count":1,"href":"https:\/\/blogs.correiobraziliense.com.br\/vicente\/wp-json\/wp\/v2\/posts\/2012\/revisions"}],"predecessor-version":[{"id":2013,"href":"https:\/\/blogs.correiobraziliense.com.br\/vicente\/wp-json\/wp\/v2\/posts\/2012\/revisions\/2013"}],"wp:attachment":[{"href":"https:\/\/blogs.correiobraziliense.com.br\/vicente\/wp-json\/wp\/v2\/media?parent=2012"}],"wp:term":[{"taxonomy":"category","embeddable":true,"href":"https:\/\/blogs.correiobraziliense.com.br\/vicente\/wp-json\/wp\/v2\/categories?post=2012"},{"taxonomy":"post_tag","embeddable":true,"href":"https:\/\/blogs.correiobraziliense.com.br\/vicente\/wp-json\/wp\/v2\/tags?post=2012"}],"curies":[{"name":"wp","href":"https:\/\/api.w.org\/{rel}","templated":true}]}}